{"id":23261,"date":"2017-04-06T10:55:29","date_gmt":"2017-04-06T15:55:29","guid":{"rendered":"http:\/\/visionpeninsular.com\/mid\/?p=23261"},"modified":"2017-04-06T10:55:29","modified_gmt":"2017-04-06T15:55:29","slug":"pararemos-esclarecer-crimen-ema-molina-rodriguez-asaf","status":"publish","type":"post","link":"https:\/\/visionpeninsular.com\/mid\/pararemos-esclarecer-crimen-ema-molina-rodriguez-asaf\/","title":{"rendered":"\u201cNo pararemos hasta esclarecer crimen de Ema Molina\u201d: Rodr\u00edguez Asaf"},"content":{"rendered":"<p>Como parte del avance en la investigaci\u00f3n por el homicidio de Ema Gabriela Molina Canto, autoridades estatales lograron la detenci\u00f3n en Ecatepec, Estado de M\u00e9xico, de un sujeto de apellidos R.B., considerado como presunto implicado en la muerte de la mujer, ocurrida el pasado 27 de marzo en esta capital.<\/p>\n<p>En conferencia de prensa, el secretario General de Gobierno, Roberto Rodr\u00edguez Asaf, inform\u00f3 que elementos de la Polic\u00eda Estatal de Investigaci\u00f3n (PEI), en colaboraci\u00f3n con sus hom\u00f3logos de la referida entidad federativa y la Polic\u00eda Federal (PF), capturaron al individuo en cumplimiento de una orden de aprehensi\u00f3n dictada por el Juez Segundo de Control del Centro de Justicia Oral de M\u00e9rida (CJOM).<\/p>\n<p>\u201cReiteramos que en este gobierno aplicaremos toda la fuerza del Estado, as\u00ed como todos los recursos humanos, tecnol\u00f3gicos y legales disponibles para el esclarecimiento total de los hechos y que todos los involucrados sean llevados hasta los tribunales y sean sentenciados. No vacilamos en la persecuci\u00f3n de los delitos hasta su castigo\u201d, destac\u00f3 el funcionario ante los titulares de la Fiscal\u00eda General del Estado (FGE), Ariel Aldecua Kuk y de la Secretar\u00eda de Seguridad P\u00fablica (SSP), Luis Felipe Said\u00e9n Ojeda.<\/p>\n<p>Al dar detalles de la detenci\u00f3n, el fiscal General del Estado explic\u00f3 que esta captura forma parte de las l\u00edneas de investigaci\u00f3n que se realizan y permitir\u00e1n, si es el caso, identificar la presunta autor\u00eda intelectual en el homicidio de Molina Canto.<\/p>\n<p>\u201cGracias a los convenios de colaboraci\u00f3n y la plena coordinaci\u00f3n que existe entre las diversas fuerzas de seguridad p\u00fablica y procuraci\u00f3n de justicia de Yucat\u00e1n con sus corporaciones hom\u00f3logas de todo el pa\u00eds, fue que se pudo arrestar al presunto delincuente mientras transitaba por calles del municipio de Ecatepec, en el Estado de M\u00e9xico\u201d, abund\u00f3.<\/p>\n<p>De igual manera, Aldecua Kuk asever\u00f3 que tras haber sido informado de los motivos de la privaci\u00f3n de su libertad, el implicado fue trasladado v\u00eda a\u00e9rea desde el aeropuerto de Toluca a esta capital, para despu\u00e9s ser conducido en convoy por elementos de la Polic\u00eda Estatal hasta las instalaciones del CJOM. Ah\u00ed, fue puesto a disposici\u00f3n de la autoridad judicial requiriente, ante la cual se realizar\u00e1 la audiencia de imputaci\u00f3n.<\/p>\n<p>Asimismo, el funcionario agreg\u00f3 que la FGE y SSP reiteraron su compromiso para trabajar de forma coordinada y apegados a derecho para garantizar la seguridad y la paz social de los ciudadanos que viven en Yucat\u00e1n.<\/p>\n<p>En la Sala de Crisis de la SSP y tras presentar las fotograf\u00edas de la detenci\u00f3n del tercer implicado en este homicidio, Said\u00e9n Ojeda extern\u00f3 su reconocimiento a las fuerzas de seguridad que participaron en este operativo, as\u00ed como la coordinaci\u00f3n entre las diversas corporaciones, lo que permite dar resultados efectivos.<\/p>\n<p>\u201cPor ello, quiero agradecer a la Comisi\u00f3n Estatal de Seguridad Ciudadana del Estado de M\u00e9xico, la Polic\u00eda Federal, la FGE y desde luego, a todos los integrantes de nuestra Polic\u00eda Estatal de Investigaci\u00f3n de la SSP\u201d, puntualiz\u00f3.<\/p>\n<p>El titular de la SSP indic\u00f3 que si alguien delinque en Yucat\u00e1n y quiere evadir la acci\u00f3n de la justicia, ser\u00e1 perseguido, detenido y puesto a disposici\u00f3n de los tribunales del Estado para que sea juzgado y sancionado.<\/p>\n<p>Bolet\u00edn de prensa.<\/p>\n<div class='share-to-whatsapp-wrapper'><div class='share-on-whsp'>Share on: <\/div><a data-text='\u201cNo pararemos hasta esclarecer crimen de Ema Molina\u201d: Rodr\u00edguez Asaf' data-link='https:\/\/visionpeninsular.com\/mid\/pararemos-esclarecer-crimen-ema-molina-rodriguez-asaf\/' class='whatsapp-button whatsapp-share'>WhatsApp<\/a><div class='clear '><\/div><\/div>","protected":false},"excerpt":{"rendered":"<p>Como parte del avance en la investigaci\u00f3n por el homicidio de Ema Gabriela Molina Canto, autoridades estatales lograron la detenci\u00f3n en Ecatepec, Estado de M\u00e9xico, de un sujeto de apellidos R.B., considerado como presunto implicado en la muerte de la mujer, ocurrida el pasado 27 de marzo en esta capital. En conferencia de prensa, el &hellip;<\/p>\n","protected":false},"author":5,"featured_media":23262,"comment_status":"open","ping_status":"open","sticky":false,"template":"","format":"standard","meta":{"_mi_skip_tracking":false},"categories":[49,37],"tags":[5993,5992,190,666,1808,5994,752],"_links":{"self":[{"href":"https:\/\/visionpeninsular.com\/mid\/wp-json\/wp\/v2\/posts\/23261"}],"collection":[{"href":"https:\/\/visionpeninsular.com\/mid\/wp-json\/wp\/v2\/posts"}],"about":[{"href":"https:\/\/visionpeninsular.com\/mid\/wp-json\/wp\/v2\/types\/post"}],"author":[{"embeddable":true,"href":"https:\/\/visionpeninsular.com\/mid\/wp-json\/wp\/v2\/users\/5"}],"replies":[{"embeddable":true,"href":"https:\/\/visionpeninsular.com\/mid\/wp-json\/wp\/v2\/comments?post=23261"}],"version-history":[{"count":1,"href":"https:\/\/visionpeninsular.com\/mid\/wp-json\/wp\/v2\/posts\/23261\/revisions"}],"predecessor-version":[{"id":23263,"href":"https:\/\/visionpeninsular.com\/mid\/wp-json\/wp\/v2\/posts\/23261\/revisions\/23263"}],"wp:featuredmedia":[{"embeddable":true,"href":"https:\/\/visionpeninsular.com\/mid\/wp-json\/wp\/v2\/media\/23262"}],"wp:attachment":[{"href":"https:\/\/visionpeninsular.com\/mid\/wp-json\/wp\/v2\/media?parent=23261"}],"wp:term":[{"taxonomy":"category","embeddable":true,"href":"https:\/\/visionpeninsular.com\/mid\/wp-json\/wp\/v2\/categories?post=23261"},{"taxonomy":"post_tag","embeddable":true,"href":"https:\/\/visionpeninsular.com\/mid\/wp-json\/wp\/v2\/tags?post=23261"}],"curies":[{"name":"wp","href":"https:\/\/api.w.org\/{rel}","templated":true}]}}