{"id":22815,"date":"2017-03-24T19:54:17","date_gmt":"2017-03-25T01:54:17","guid":{"rendered":"http:\/\/visionpeninsular.com\/mid\/?p=22815"},"modified":"2017-03-24T19:54:17","modified_gmt":"2017-03-25T01:54:17","slug":"preparan-cargada-oficial-en-eleccion-consejeros-del-ieec","status":"publish","type":"post","link":"https:\/\/visionpeninsular.com\/mid\/preparan-cargada-oficial-en-eleccion-consejeros-del-ieec\/","title":{"rendered":"Preparan &#8220;Cargada Oficial&#8221; en elecci\u00f3n de Consejeros del IEEC"},"content":{"rendered":"<p>En entrevista, la consejera presidenta del \u00f3rgano p\u00fablico local electoral, Mayra Fabiola Boj\u00f3rquez Gonz\u00e1lez, se\u00f1al\u00f3 que el proceso de renovaci\u00f3n de los tres consejeros electorales, a quienes ya se les venci\u00f3 el plazo de su nombramiento, est\u00e1 a cargo del Instituto Nacional Electoral (INE), cuya etapa de inscripciones despu\u00e9s de emitida la convocatoria ya finaliz\u00f3 con el registro de cerca de 100 personas.<\/p>\n<p>En este sentido y aunque no se atreven a dar sus nombres, son varias las voces que parecen anticipar que ya se mueve la GARRA OFICIAL para tratar de preparar la &#8221; cargada&#8221; a fin de que los Nuevos Consejeros electorales , sean &#8220;afines&#8221; dos al PRI (l\u00e9ase Alejandro MORENO) y otro al PAN ( l\u00e9ase Alejandro MORENO).<\/p>\n<p>Aunque por Ley los Consejeros salientes : Luis Octavio Poot L\u00f3pez, Celina Lopez D\u00edaz y Lizette del Carmen Ortega Aranda estar\u00edan impedidos de ocupar cargos p\u00fablicos en 2 a\u00f1os; no se duda que por su &#8220;buena actuaci\u00f3n&#8221; en la elecci\u00f3n de Alejandro Moreno como gobernador, les fueran pagadas &#8221; asesor\u00edas externas&#8221;.<\/p>\n<p>La Presidenta del IEEC dijo que que la siguiente etapa para la presentaci\u00f3n del examen es el 8 de abril pr\u00f3ximo, para en fecha posterior, presenten un ensayo.<\/p>\n<p>Agreg\u00f3 que en septiembre se estar\u00e1 definiendo qui\u00e9nes ocupar\u00e1n los cargos de consejeros o consejeras que formar\u00e1n parte del Consejo General del IEEC, a partir del 1 de octubre del a\u00f1o en curso.<\/p>\n<div class='share-to-whatsapp-wrapper'><div class='share-on-whsp'>Share on: <\/div><a data-text='Preparan \"Cargada Oficial\" en elecci\u00f3n de Consejeros del IEEC' data-link='https:\/\/visionpeninsular.com\/mid\/preparan-cargada-oficial-en-eleccion-consejeros-del-ieec\/' class='whatsapp-button whatsapp-share'>WhatsApp<\/a><div class='clear '><\/div><\/div>","protected":false},"excerpt":{"rendered":"<p>En entrevista, la consejera presidenta del \u00f3rgano p\u00fablico local electoral, Mayra Fabiola Boj\u00f3rquez Gonz\u00e1lez, se\u00f1al\u00f3 que el proceso de renovaci\u00f3n de los tres consejeros electorales, a quienes ya se les venci\u00f3 el plazo de su nombramiento, est\u00e1 a cargo del Instituto Nacional Electoral (INE), cuya etapa de inscripciones despu\u00e9s de emitida la convocatoria ya finaliz\u00f3 &hellip;<\/p>\n","protected":false},"author":1,"featured_media":22816,"comment_status":"open","ping_status":"open","sticky":false,"template":"","format":"standard","meta":{"_mi_skip_tracking":false},"categories":[45],"tags":[4971],"_links":{"self":[{"href":"https:\/\/visionpeninsular.com\/mid\/wp-json\/wp\/v2\/posts\/22815"}],"collection":[{"href":"https:\/\/visionpeninsular.com\/mid\/wp-json\/wp\/v2\/posts"}],"about":[{"href":"https:\/\/visionpeninsular.com\/mid\/wp-json\/wp\/v2\/types\/post"}],"author":[{"embeddable":true,"href":"https:\/\/visionpeninsular.com\/mid\/wp-json\/wp\/v2\/users\/1"}],"replies":[{"embeddable":true,"href":"https:\/\/visionpeninsular.com\/mid\/wp-json\/wp\/v2\/comments?post=22815"}],"version-history":[{"count":1,"href":"https:\/\/visionpeninsular.com\/mid\/wp-json\/wp\/v2\/posts\/22815\/revisions"}],"predecessor-version":[{"id":22817,"href":"https:\/\/visionpeninsular.com\/mid\/wp-json\/wp\/v2\/posts\/22815\/revisions\/22817"}],"wp:featuredmedia":[{"embeddable":true,"href":"https:\/\/visionpeninsular.com\/mid\/wp-json\/wp\/v2\/media\/22816"}],"wp:attachment":[{"href":"https:\/\/visionpeninsular.com\/mid\/wp-json\/wp\/v2\/media?parent=22815"}],"wp:term":[{"taxonomy":"category","embeddable":true,"href":"https:\/\/visionpeninsular.com\/mid\/wp-json\/wp\/v2\/categories?post=22815"},{"taxonomy":"post_tag","embeddable":true,"href":"https:\/\/visionpeninsular.com\/mid\/wp-json\/wp\/v2\/tags?post=22815"}],"curies":[{"name":"wp","href":"https:\/\/api.w.org\/{rel}","templated":true}]}}