{"id":22811,"date":"2017-03-24T12:20:58","date_gmt":"2017-03-24T18:20:58","guid":{"rendered":"http:\/\/visionpeninsular.com\/mid\/?p=22811"},"modified":"2017-03-24T12:20:58","modified_gmt":"2017-03-24T18:20:58","slug":"instituciones-elaboran-plan-manejo-problemas-salud-mental","status":"publish","type":"post","link":"https:\/\/visionpeninsular.com\/mid\/instituciones-elaboran-plan-manejo-problemas-salud-mental\/","title":{"rendered":"Instituciones elaboran plan de manejo de problemas de salud mental"},"content":{"rendered":"<p>Como parte de la campa\u00f1a \u201cVive feliz, vive sanaMENTE\u201d, 40 representantes de diferentes instituciones gubernamentales, educativas, de las Fuerzas Armadas y la sociedad civil organizada, colaboraron en la elaboraci\u00f3n de un plan para la anticipaci\u00f3n y manejo de problemas de salud mental, desde una perspectiva intersectorial.<\/p>\n<p> Durante el taller \u201cEstrategias para la mejora de la salud mental\u201d, que se realiz\u00f3 dentro de dicha iniciativa, los participantes intercambiaron ideas y actualizaron las medidas preventivas y de atenci\u00f3n para las personas que enfrentan estas problem\u00e1ticas, en dos jornadas desarrolladas en un hotel de Paseo de Montejo.<\/p>\n<p> \u201cDesde ayer estamos trabajando intensamente junto con especialistas en el tema de las Organizaciones Panamericana (OPS) y Mundial de la Salud (OMS), quienes nos vienen a compartir sobre las nuevas estrategias en la materia para que nosotros podamos llevar a cabo nuestra labor de la mejor manera posible, desde el \u00e1rea que nos corresponde\u201d, indic\u00f3 el subdirector del rubro de la Secretar\u00eda de Salud de Yucat\u00e1n (SSY), Manuel Jos\u00e9 Ruiz Mendoza.<\/p>\n<p> El funcionario inform\u00f3 que, al finalizar esta planeaci\u00f3n, se dar\u00e1 un seguimiento y retroalimentaci\u00f3n a las acciones de las instancias involucradas, por parte de OPS y OMS, a trav\u00e9s de sus representantes en este marco, su coordinadora General, Claudina Cayetano, y el asesor en Enfermedades Cr\u00f3nicas y Salud Mental, Enrique Gil Bellorin.<\/p>\n<p> La promoci\u00f3n de este tema no puede estar a cargo \u00fanicamente de una parte o sector, para ello fue la invitaci\u00f3n a este encuentro, pero tenemos que seguir sumando esfuerzos con los medios de comunicaci\u00f3n, padres de familia y sociedad en general, porque es eso lo que se necesita para alcanzar una aut\u00e9ntica salud mental en cada uno de los rincones del territorio, afirm\u00f3.<\/p>\n<p> Ruiz Mendoza indic\u00f3 que hasta el cierre de 2017, se ofrecer\u00e1 diferentes conferencias, talleres, ferias, material audiovisual y c\u00e1psulas psicoeducativas en espa\u00f1ol y maya, as\u00ed como capacitaciones y diagn\u00f3sticos para la detecci\u00f3n.<\/p>\n<p> De igual manera, anunci\u00f3 que se encuentra pr\u00f3ximo el inicio de un proyecto de tamizaje para medir la salud mental e iniciar el tratamiento de adolescentes escolares, detectados en los municipios de M\u00e9rida, Progreso, Kanas\u00edn, Valladolid, Tecoh, Tizim\u00edn, Espita, Motul y Um\u00e1n. Al respecto, asegur\u00f3 que lo m\u00e1s importante es la difusi\u00f3n de la prevenci\u00f3n, por lo que la meta a largo plazo es llegar a cada uno de los niveles formativos.<\/p>\n<p> \u201cEs indispensable involucrar en esta cultura a los ni\u00f1os desde sus primeras aproximaciones del mundo educativo; por eso, tenemos que seguir trabajando en conjunto y arduamente, para que este proyecto contin\u00fae en los pr\u00f3ximos a\u00f1os, m\u00e1s instituciones se interesen y puedan unirse a esta causa\u201d, finaliz\u00f3.<\/p>\n<p> La directora del Patronato de Asistencia para la Reinserci\u00f3n Social en el Estado (PARSEY), Mariana Zepeda Lahud, participante de las mesas de trabajo, resalt\u00f3 la relevancia de este espacio, que re\u00fane a diversos sectores para determinar lo que se necesita en el estado respecto a esta tem\u00e1tica. Por \u00faltimo, asever\u00f3 que es notorio el inter\u00e9s de las autoridades estatales por fortalecer la cultura de la prevenci\u00f3n.<\/p>\n<p>Bolet\u00edn de prensa<\/p>\n<div class='share-to-whatsapp-wrapper'><div class='share-on-whsp'>Share on: <\/div><a data-text='Instituciones elaboran plan de manejo de problemas de salud mental' data-link='https:\/\/visionpeninsular.com\/mid\/instituciones-elaboran-plan-manejo-problemas-salud-mental\/' class='whatsapp-button whatsapp-share'>WhatsApp<\/a><div class='clear '><\/div><\/div>","protected":false},"excerpt":{"rendered":"<p>Como parte de la campa\u00f1a \u201cVive feliz, vive sanaMENTE\u201d, 40 representantes de diferentes instituciones gubernamentales, educativas, de las Fuerzas Armadas y la sociedad civil organizada, colaboraron en la elaboraci\u00f3n de un plan para la anticipaci\u00f3n y manejo de problemas de salud mental, desde una perspectiva intersectorial. Durante el taller \u201cEstrategias para la mejora de la &hellip;<\/p>\n","protected":false},"author":5,"featured_media":22812,"comment_status":"open","ping_status":"open","sticky":false,"template":"","format":"standard","meta":{"_mi_skip_tracking":false},"categories":[50],"tags":[3130,5829,5828,2313,1950],"_links":{"self":[{"href":"https:\/\/visionpeninsular.com\/mid\/wp-json\/wp\/v2\/posts\/22811"}],"collection":[{"href":"https:\/\/visionpeninsular.com\/mid\/wp-json\/wp\/v2\/posts"}],"about":[{"href":"https:\/\/visionpeninsular.com\/mid\/wp-json\/wp\/v2\/types\/post"}],"author":[{"embeddable":true,"href":"https:\/\/visionpeninsular.com\/mid\/wp-json\/wp\/v2\/users\/5"}],"replies":[{"embeddable":true,"href":"https:\/\/visionpeninsular.com\/mid\/wp-json\/wp\/v2\/comments?post=22811"}],"version-history":[{"count":1,"href":"https:\/\/visionpeninsular.com\/mid\/wp-json\/wp\/v2\/posts\/22811\/revisions"}],"predecessor-version":[{"id":22813,"href":"https:\/\/visionpeninsular.com\/mid\/wp-json\/wp\/v2\/posts\/22811\/revisions\/22813"}],"wp:featuredmedia":[{"embeddable":true,"href":"https:\/\/visionpeninsular.com\/mid\/wp-json\/wp\/v2\/media\/22812"}],"wp:attachment":[{"href":"https:\/\/visionpeninsular.com\/mid\/wp-json\/wp\/v2\/media?parent=22811"}],"wp:term":[{"taxonomy":"category","embeddable":true,"href":"https:\/\/visionpeninsular.com\/mid\/wp-json\/wp\/v2\/categories?post=22811"},{"taxonomy":"post_tag","embeddable":true,"href":"https:\/\/visionpeninsular.com\/mid\/wp-json\/wp\/v2\/tags?post=22811"}],"curies":[{"name":"wp","href":"https:\/\/api.w.org\/{rel}","templated":true}]}}