{"id":22802,"date":"2017-03-24T11:48:59","date_gmt":"2017-03-24T17:48:59","guid":{"rendered":"http:\/\/visionpeninsular.com\/mid\/?p=22802"},"modified":"2017-03-24T11:48:59","modified_gmt":"2017-03-24T17:48:59","slug":"menor-muerto-a-golpes-padre","status":"publish","type":"post","link":"https:\/\/visionpeninsular.com\/mid\/menor-muerto-a-golpes-padre\/","title":{"rendered":"Menor muerto a golpes por su padre"},"content":{"rendered":"<p>En la colonia Santa Cruz de la villa de Um\u00e1n, falleci\u00f3 un menor de 18 meses, a causa de los golpes que le diera su propio padre, Jos\u00e9 Javier Pacheco V\u00e1rguez, de 22 a\u00f1os de edad, hecho que tiene indignados a los vecinos y pobladores en general.<\/p>\n<p>La madre del menor, de nombre Mar\u00eda Poot Cauich, de 22 a\u00f1os, al regresar de su trabajo, que desempe\u00f1a de 14:00 a 22:00, se percat\u00f3 que su hijo menor se manten\u00eda inm\u00f3vil en su hamaca, y busc\u00f3 a su vecina y amiga, quienes al comprobar que el menor J.A.P.P., de un a\u00f1o y seis meses de edad, ten\u00eda en el rostro se\u00f1ales visibles de golpes, acudieron a la cl\u00ednica del IMSS de Um\u00e1n.<\/p>\n<p>Solicit\u00f3 atenci\u00f3n en el \u00e1rea de urgencias y fue atendida por los m\u00e9dicos de guardia; una paciente que la vio llorando con el menor en brazos, dio parte a la polic\u00eda municipal, y despu\u00e9s lleg\u00f3 personal de la FGE, quienes se llevaron a ambos padres para hacer la averiguaci\u00f3n respectiva.<\/p>\n<p>De forma an\u00f3nima, por temor a represalias,  los vecinos comentaron que la tarde del mi\u00e9rcoles, vieron al padre de los menores salir a comprar cervezas, dejando solos a los menores; al regresar entr\u00f3 a su domicilio y una de las vecinas alcanz\u00f3 a escuchar los gritos del menor fallecido, y al poco rato dej\u00f3 de escucharse. Agregaron a los comentarios que el padre de los ni\u00f1os solamente iba al parque principal, donde permanec\u00eda todo el d\u00eda y nunca lo vieron desempe\u00f1ar alg\u00fan trabajo.<\/p>\n<p>Seg\u00fan se investig\u00f3, Jos\u00e9 Javier Pacheco V\u00e1rguez es un tipo violento, con varios ingresos al penal por diversos delitos, sobre todo por violencia. Los padres de los menores est\u00e1n en la agencia del Ministerio P\u00fablico de la FGE, en Um\u00e1n, en calidad de detenidos para integrar la investigaci\u00f3n del caso.<\/p>\n<div class='share-to-whatsapp-wrapper'><div class='share-on-whsp'>Share on: <\/div><a data-text='Menor muerto a golpes por su padre' data-link='https:\/\/visionpeninsular.com\/mid\/menor-muerto-a-golpes-padre\/' class='whatsapp-button whatsapp-share'>WhatsApp<\/a><div class='clear '><\/div><\/div>","protected":false},"excerpt":{"rendered":"<p>En la colonia Santa Cruz de la villa de Um\u00e1n, falleci\u00f3 un menor de 18 meses, a causa de los golpes que le diera su propio padre, Jos\u00e9 Javier Pacheco V\u00e1rguez, de 22 a\u00f1os de edad, hecho que tiene indignados a los vecinos y pobladores en general. La madre del menor, de nombre Mar\u00eda Poot &hellip;<\/p>\n","protected":false},"author":5,"featured_media":22803,"comment_status":"open","ping_status":"open","sticky":false,"template":"","format":"standard","meta":{"_mi_skip_tracking":false},"categories":[50],"tags":[5824,5825,145],"_links":{"self":[{"href":"https:\/\/visionpeninsular.com\/mid\/wp-json\/wp\/v2\/posts\/22802"}],"collection":[{"href":"https:\/\/visionpeninsular.com\/mid\/wp-json\/wp\/v2\/posts"}],"about":[{"href":"https:\/\/visionpeninsular.com\/mid\/wp-json\/wp\/v2\/types\/post"}],"author":[{"embeddable":true,"href":"https:\/\/visionpeninsular.com\/mid\/wp-json\/wp\/v2\/users\/5"}],"replies":[{"embeddable":true,"href":"https:\/\/visionpeninsular.com\/mid\/wp-json\/wp\/v2\/comments?post=22802"}],"version-history":[{"count":1,"href":"https:\/\/visionpeninsular.com\/mid\/wp-json\/wp\/v2\/posts\/22802\/revisions"}],"predecessor-version":[{"id":22804,"href":"https:\/\/visionpeninsular.com\/mid\/wp-json\/wp\/v2\/posts\/22802\/revisions\/22804"}],"wp:featuredmedia":[{"embeddable":true,"href":"https:\/\/visionpeninsular.com\/mid\/wp-json\/wp\/v2\/media\/22803"}],"wp:attachment":[{"href":"https:\/\/visionpeninsular.com\/mid\/wp-json\/wp\/v2\/media?parent=22802"}],"wp:term":[{"taxonomy":"category","embeddable":true,"href":"https:\/\/visionpeninsular.com\/mid\/wp-json\/wp\/v2\/categories?post=22802"},{"taxonomy":"post_tag","embeddable":true,"href":"https:\/\/visionpeninsular.com\/mid\/wp-json\/wp\/v2\/tags?post=22802"}],"curies":[{"name":"wp","href":"https:\/\/api.w.org\/{rel}","templated":true}]}}