{"id":22712,"date":"2017-03-22T13:50:05","date_gmt":"2017-03-22T19:50:05","guid":{"rendered":"http:\/\/visionpeninsular.com\/mid\/?p=22712"},"modified":"2017-03-22T13:50:05","modified_gmt":"2017-03-22T19:50:05","slug":"segey-dara-capacitacion-a-27-mil-maestros-yucatecos-la-reforma-educativa","status":"publish","type":"post","link":"https:\/\/visionpeninsular.com\/mid\/segey-dara-capacitacion-a-27-mil-maestros-yucatecos-la-reforma-educativa\/","title":{"rendered":"SEGEY dar\u00e1 capacitaci\u00f3n a 27 mil maestros yucatecos por la reforma educativa"},"content":{"rendered":"<p>El titular de la SEGEY, V\u00edctor Caballero Dur\u00e1n, manifest\u00f3 que la dependencia se prepara rumbo a la nueva reforma educativa, que entrar\u00e1 en vigor en el ciclo 2018-2019, para lo cual se capacitar\u00e1 a 27 mil maestros yucatecos.<\/p>\n<p>Explic\u00f3 que para apoyar la informaci\u00f3n que lo docentes requieren, los primeros pasos ser\u00e1 la generaci\u00f3n de materiales y contenidos y recalc\u00f3 que la reforma educativa ser\u00e1 un proceso que transformar\u00e1 los mecanismos de ense\u00f1anza; expuso que se replantear\u00e1 el m\u00e9todo de ense\u00f1anza, y que ya no ser\u00e1 necesario memorizar, sino cuestionar, pensar y reformular la informaci\u00f3n.<\/p>\n<p>Mencion\u00f3 que la reforma educativa ser\u00e1 un proceso a 10 a\u00f1os, durante los cuales se modificar\u00e1n los libros de texto, y lo m\u00e1s importante, es que ser\u00e1n las propias escuelas, en conjunto con los padres de familia, quienes definir\u00e1n por escuela, qu\u00e9 materias cursar\u00e1n los alumnos, lo que permitir\u00e1 que el 80 por ciento de las materias en la primaria sean de tronco com\u00fan y el 20 por ciento restante, sean materias determinadas por la propia escuela.<\/p>\n<p>\u201cEsto podr\u00e1 apuntalar el proceso socio econ\u00f3mico de una zona o de una regi\u00f3n del estado\u201d, manifest\u00f3 el secretario.<\/p>\n<p>\u201cEs prioritario que los maestros est\u00e9n ya listos para esta tarea cuando se inicie el proceso, por ello, la Segey prepara una serie de cursos de capacitaci\u00f3n para los m\u00e1s de 27 mil docentes de las escuelas primarias\u201d, expres\u00f3.<\/p>\n<div class='share-to-whatsapp-wrapper'><div class='share-on-whsp'>Share on: <\/div><a data-text='SEGEY dar\u00e1 capacitaci\u00f3n a 27 mil maestros yucatecos por la reforma educativa' data-link='https:\/\/visionpeninsular.com\/mid\/segey-dara-capacitacion-a-27-mil-maestros-yucatecos-la-reforma-educativa\/' class='whatsapp-button whatsapp-share'>WhatsApp<\/a><div class='clear '><\/div><\/div>","protected":false},"excerpt":{"rendered":"<p>El titular de la SEGEY, V\u00edctor Caballero Dur\u00e1n, manifest\u00f3 que la dependencia se prepara rumbo a la nueva reforma educativa, que entrar\u00e1 en vigor en el ciclo 2018-2019, para lo cual se capacitar\u00e1 a 27 mil maestros yucatecos. Explic\u00f3 que para apoyar la informaci\u00f3n que lo docentes requieren, los primeros pasos ser\u00e1 la generaci\u00f3n de &hellip;<\/p>\n","protected":false},"author":5,"featured_media":22713,"comment_status":"open","ping_status":"open","sticky":false,"template":"","format":"standard","meta":{"_mi_skip_tracking":false},"categories":[50],"tags":[5795,5794,604],"_links":{"self":[{"href":"https:\/\/visionpeninsular.com\/mid\/wp-json\/wp\/v2\/posts\/22712"}],"collection":[{"href":"https:\/\/visionpeninsular.com\/mid\/wp-json\/wp\/v2\/posts"}],"about":[{"href":"https:\/\/visionpeninsular.com\/mid\/wp-json\/wp\/v2\/types\/post"}],"author":[{"embeddable":true,"href":"https:\/\/visionpeninsular.com\/mid\/wp-json\/wp\/v2\/users\/5"}],"replies":[{"embeddable":true,"href":"https:\/\/visionpeninsular.com\/mid\/wp-json\/wp\/v2\/comments?post=22712"}],"version-history":[{"count":1,"href":"https:\/\/visionpeninsular.com\/mid\/wp-json\/wp\/v2\/posts\/22712\/revisions"}],"predecessor-version":[{"id":22714,"href":"https:\/\/visionpeninsular.com\/mid\/wp-json\/wp\/v2\/posts\/22712\/revisions\/22714"}],"wp:featuredmedia":[{"embeddable":true,"href":"https:\/\/visionpeninsular.com\/mid\/wp-json\/wp\/v2\/media\/22713"}],"wp:attachment":[{"href":"https:\/\/visionpeninsular.com\/mid\/wp-json\/wp\/v2\/media?parent=22712"}],"wp:term":[{"taxonomy":"category","embeddable":true,"href":"https:\/\/visionpeninsular.com\/mid\/wp-json\/wp\/v2\/categories?post=22712"},{"taxonomy":"post_tag","embeddable":true,"href":"https:\/\/visionpeninsular.com\/mid\/wp-json\/wp\/v2\/tags?post=22712"}],"curies":[{"name":"wp","href":"https:\/\/api.w.org\/{rel}","templated":true}]}}