{"id":22576,"date":"2017-03-18T07:14:33","date_gmt":"2017-03-18T13:14:33","guid":{"rendered":"http:\/\/visionpeninsular.com\/mid\/?p=22576"},"modified":"2017-03-18T07:15:18","modified_gmt":"2017-03-18T13:15:18","slug":"empleos-mejor-pagados-quintana-roo-seguro-fuerte-carlos-joaquin","status":"publish","type":"post","link":"https:\/\/visionpeninsular.com\/mid\/empleos-mejor-pagados-quintana-roo-seguro-fuerte-carlos-joaquin\/","title":{"rendered":"Empleos mejor pagados para un Quintana Roo seguro y fuerte: Carlos Joaqu\u00edn"},"content":{"rendered":"<p>\u201cLa tranquilidad ayuda a restablecer el tejido social, a prevenir el delito y ayuda a tener un Quintana Roo seguro y m\u00e1s fuerte; por eso es necesario generar m\u00e1s y mejores oportunidades para que las familias vivan en buenas condiciones, con empleos mejor pagados\u201d, se\u00f1al\u00f3 hoy el Gobernador Carlos Joaqu\u00edn al inaugurar en esta ciudad la 2\u00aa Gran Feria del Empleo y Servicios Laborales.<\/p>\n<p><img src=\"http:\/\/vocero.qroo.gob.mx\/cjg\/wp-content\/uploads\/2017\/03\/Carlos-Joaqu%C3%ADn-Inauguracion-2%C2%AA-Feria-de-Empleo-02.jpg\" alt=\"carlos-joaquin-inauguracion-2a-feria-de-empleo-02\" data-lazy-loaded=\"true\" \/><\/p>\n<p>\u201cEs muy importante que logremos la diversificaci\u00f3n econ\u00f3mica y recuperemos el desarrollo de la zona sur y la capital del estado, para disminuir la desigualdad con m\u00e1s y mejores oportunidades para todos\u201d, precis\u00f3 el Gobernador de Quintana Roo durante la inauguraci\u00f3n de esta Feria en donde hizo hincapi\u00e9 en la necesidad de tener mejor educaci\u00f3n, trabajar fuerte en la capacitaci\u00f3n para alcanzar esos empleos que necesita la gente.<\/p>\n<p><img src=\"http:\/\/vocero.qroo.gob.mx\/cjg\/wp-content\/uploads\/2017\/03\/Carlos-Joaqu%C3%ADn-Inauguracion-2%C2%AA-Feria-de-Empleo-03.jpg\" alt=\"carlos-joaquin-inauguracion-2a-feria-de-empleo-03\" data-lazy-loaded=\"true\" \/><\/p>\n<p>El Gobernador Carlos Joaqu\u00edn precis\u00f3 que es necesario disminuir la desigualdad entre el norte con el sur a trav\u00e9s de la generaci\u00f3n de empleos y desarrollo econ\u00f3mico, diversificando las actividades hacia la agroindustria, la acuacultura, con diferentes giros manufactureros que pueden ser proveedores de la propia industria tur\u00edstica.<\/p>\n<p><img src=\"http:\/\/vocero.qroo.gob.mx\/cjg\/wp-content\/uploads\/2017\/03\/Carlos-Joaqu%C3%ADn-Inauguracion-2%C2%AA-Feria-de-Empleo-04.jpg\" alt=\"carlos-joaquin-inauguracion-2a-feria-de-empleo-04\" data-lazy-loaded=\"true\" \/><\/p>\n<p>Acompa\u00f1ado de la secretaria del Trabajo y Previsi\u00f3n Social, Catalina Portillo Navarro, y del presidente municipal de Oth\u00f3n P. Blanco, Luis Torres Llanes, el Gobernador Carlos Joaqu\u00edn entreg\u00f3 certificados a los representantes del Hotel Bah\u00eda Pr\u00edncipe, por ofertar el mayor n\u00famero de vacantes; Credifacil por emplear al mayor n\u00famero de personas con discapacidad y adultos mayores, y a Grupo Elektra por pagar los mejores sueldos.<\/p>\n<p><img src=\"http:\/\/vocero.qroo.gob.mx\/cjg\/wp-content\/uploads\/2017\/03\/Carlos-Joaqu%C3%ADn-Inauguracion-2%C2%AA-Feria-de-Empleo-05.jpg\" alt=\"carlos-joaquin-inauguracion-2a-feria-de-empleo-05\" data-lazy-loaded=\"true\" \/><\/p>\n<p>Portillo Navarro destac\u00f3 que en esta 2\u00aa Gran Feria de Empleo y Servicios laborales participan m\u00e1s de 40 empresas que ofertan mil 158 vacantes con salarios que van desde el sueldo base, m\u00e1s comisiones, hasta los 16 mil pesos. Para trabajadores de Chetumal se tienen 713 plazas y para los de Mahahual y la Riviera Maya 445. 30 vacantes son para adultos mayores y personas con discapacidad.<\/p>\n<p><img src=\"http:\/\/vocero.qroo.gob.mx\/cjg\/wp-content\/uploads\/2017\/03\/Carlos-Joaqu%C3%ADn-Inauguracion-2%C2%AA-Feria-de-Empleo-06.jpg\" alt=\"carlos-joaquin-inauguracion-2a-feria-de-empleo-06\" data-lazy-loaded=\"true\" \/><\/p>\n<p>Rosa Cetina P\u00e9rez, una buscadora de empleo, consider\u00f3 que esta feria es buena para los chetumale\u00f1os \u201cporque facilita poder encontrar un trabajo que se necesita por la situaci\u00f3n econ\u00f3mica que se vive. Es una excelente propuesta de Carlos Joaqu\u00edn porque tambi\u00e9n va dirigida a los j\u00f3venes y esto nos permite ver un mercado de trabajo y elegir el que mejor nos convenga de acuerdo a las capacidades y profesi\u00f3n\u201d.<\/p>\n<p><img src=\"http:\/\/vocero.qroo.gob.mx\/cjg\/wp-content\/uploads\/2017\/03\/Carlos-Joaqu%C3%ADn-Inauguracion-2%C2%AA-Feria-de-Empleo-07.jpg\" alt=\"carlos-joaquin-inauguracion-2a-feria-de-empleo-07\" data-lazy-loaded=\"true\" \/><\/p>\n<p>Lucio Cervera G\u00f3mez es un chofer que tambi\u00e9n lleg\u00f3 esperanzado a la feria. \u201cEsta es una buena oportunidad ya que hay varios estands donde se oferta trabajo\u2026 yo tengo la mejor disposici\u00f3n de entrarle a lo que me ofrezcan\u2026 la situaci\u00f3n es dif\u00edcil creo que estas actividades que se realizan en este gobierno permiten activar a mucha gente\u201d, expres\u00f3.<\/p>\n<div class=\"wp-video\">\n<div id=\"mep_0\" class=\"mejs-container svg wp-video-shortcode mejs-video\" tabindex=\"0\">\n<div class=\"mejs-inner\">\n<div class=\"mejs-controls\">\n<div class=\"mejs-button mejs-fullscreen-button\">Para que los buscadores de empleo tuvieran m\u00e1s y mejores oportunidades la Fiscal\u00eda General del Estado instal\u00f3 un m\u00f3dulo para otorgar constancias de no antecedentes penales; la Secretar\u00eda de Salud para los tr\u00e1mites necesarios. Adem\u00e1s, hubo servicio de guarder\u00eda y un m\u00f3dulo para personas con discapacidad y adultos mayores.<\/div>\n<\/div>\n<\/div>\n<\/div>\n<\/div>\n<p>En relaci\u00f3n con las personas con discapacidad y adultos mayores, el delegado de la Secretar\u00eda del Trabajo y Previsi\u00f3n Social, Enoel P\u00e9rez Cort\u00e9s, dijo que Quintana Roo ocupa el segundo lugar a nivel nacional en la apertura de espacios laborales para ellos.<\/p>\n<div class='share-to-whatsapp-wrapper'><div class='share-on-whsp'>Share on: <\/div><a data-text='Empleos mejor pagados para un Quintana Roo seguro y fuerte: Carlos Joaqu\u00edn' data-link='https:\/\/visionpeninsular.com\/mid\/empleos-mejor-pagados-quintana-roo-seguro-fuerte-carlos-joaquin\/' class='whatsapp-button whatsapp-share'>WhatsApp<\/a><div class='clear '><\/div><\/div>","protected":false},"excerpt":{"rendered":"<p>\u201cLa tranquilidad ayuda a restablecer el tejido social, a prevenir el delito y ayuda a tener un Quintana Roo seguro y m\u00e1s fuerte; por eso es necesario generar m\u00e1s y mejores oportunidades para que las familias vivan en buenas condiciones, con empleos mejor pagados\u201d, se\u00f1al\u00f3 hoy el Gobernador Carlos Joaqu\u00edn al inaugurar en esta ciudad &hellip;<\/p>\n","protected":false},"author":1,"featured_media":22577,"comment_status":"open","ping_status":"open","sticky":false,"template":"","format":"standard","meta":{"_mi_skip_tracking":false},"categories":[47],"tags":[54],"_links":{"self":[{"href":"https:\/\/visionpeninsular.com\/mid\/wp-json\/wp\/v2\/posts\/22576"}],"collection":[{"href":"https:\/\/visionpeninsular.com\/mid\/wp-json\/wp\/v2\/posts"}],"about":[{"href":"https:\/\/visionpeninsular.com\/mid\/wp-json\/wp\/v2\/types\/post"}],"author":[{"embeddable":true,"href":"https:\/\/visionpeninsular.com\/mid\/wp-json\/wp\/v2\/users\/1"}],"replies":[{"embeddable":true,"href":"https:\/\/visionpeninsular.com\/mid\/wp-json\/wp\/v2\/comments?post=22576"}],"version-history":[{"count":1,"href":"https:\/\/visionpeninsular.com\/mid\/wp-json\/wp\/v2\/posts\/22576\/revisions"}],"predecessor-version":[{"id":22578,"href":"https:\/\/visionpeninsular.com\/mid\/wp-json\/wp\/v2\/posts\/22576\/revisions\/22578"}],"wp:featuredmedia":[{"embeddable":true,"href":"https:\/\/visionpeninsular.com\/mid\/wp-json\/wp\/v2\/media\/22577"}],"wp:attachment":[{"href":"https:\/\/visionpeninsular.com\/mid\/wp-json\/wp\/v2\/media?parent=22576"}],"wp:term":[{"taxonomy":"category","embeddable":true,"href":"https:\/\/visionpeninsular.com\/mid\/wp-json\/wp\/v2\/categories?post=22576"},{"taxonomy":"post_tag","embeddable":true,"href":"https:\/\/visionpeninsular.com\/mid\/wp-json\/wp\/v2\/tags?post=22576"}],"curies":[{"name":"wp","href":"https:\/\/api.w.org\/{rel}","templated":true}]}}