{"id":22382,"date":"2017-03-14T06:15:45","date_gmt":"2017-03-14T12:15:45","guid":{"rendered":"http:\/\/visionpeninsular.com\/mid\/?p=22382"},"modified":"2017-03-14T06:17:41","modified_gmt":"2017-03-14T12:17:41","slug":"educacion-alta-prioridad-recalca-gobernador-al-presentarse-modelo-obligatorio","status":"publish","type":"post","link":"https:\/\/visionpeninsular.com\/mid\/educacion-alta-prioridad-recalca-gobernador-al-presentarse-modelo-obligatorio\/","title":{"rendered":"EDUCACI\u00d3N, ALTA PRIORIDAD: Recalca el Gobernador de QRoo al presentarse modelo obligatorio"},"content":{"rendered":"<p>El Gobernador del Estado, Carlos Joaqu\u00edn Gonz\u00e1lez, asisti\u00f3 esta tarde a la presentaci\u00f3n del Modelo Educativo para la Educaci\u00f3n Obligatoria, a cargo del Presidente de la Rep\u00fablica, Enrique Pe\u00f1a Nieto, el cual entrar\u00e1 en vigor en el ciclo escolar 2018-2019 y establece una reorganizaci\u00f3n del sistema educativo actual a partir de la definici\u00f3n de cinco ejes de acci\u00f3n.<\/p>\n<p>El Gobernador de Quintana Roo destac\u00f3 que la creaci\u00f3n de la reforma educativa, propuesta m\u00e1s importante de las 13 reformas estructurales del Presidente de M\u00e9xico, es significativa, ya que traer\u00e1 consigo beneficios directos que permitir\u00e1n alcanzar una educaci\u00f3n de calidad, impulsar la profesionalizaci\u00f3n de los maestros y la reorganizaci\u00f3n en las escuelas.<br \/>\n\u201cCoincidimos con el Presidente de la Rep\u00fablica en que la educaci\u00f3n debe ser para que los estudiantes tengan un nuevo enfoque pedag\u00f3gico que los prepare para los retos del siglo XXI\u201d, dijo.<br \/>\nTras el evento realizado en el patio principal de Palacio Nacional, Carlos Joaqu\u00edn Gonz\u00e1lez se\u00f1al\u00f3 que la educaci\u00f3n es prioridad y destac\u00f3 que en Quintana Roo se renovar\u00e1n y acondicionar\u00e1n mil 104 escuelas, con una inversi\u00f3n de m\u00e1s de mil 484 millones de pesos; un mill\u00f3n 300 mil pesos por plantel. Hasta el momento se han renovado 495 planteles y se tiene programado concluir en 2018 con la totalidad de las obras.<br \/>\nDestac\u00f3, adem\u00e1s que a cinco meses de iniciada su administraci\u00f3n, se retom\u00f3 la entrega de recursos de becas que hab\u00eda dejado de pagar la administraci\u00f3n pasada y se cre\u00f3 la Comisi\u00f3n Estatal para la Planeaci\u00f3n de la Educaci\u00f3n B\u00e1sica (Cepeb), \u00fanica en su tipo en el pa\u00eds, a fin de vincular entre s\u00ed a todos los niveles educativos y mejorar de manera integral la educaci\u00f3n en el Estado.<br \/>\nEn el evento, al que tambi\u00e9n asistieron 18 Gobernadores, el titular de la Secretar\u00eda de Educaci\u00f3n P\u00fablica (SEP), Aurelio Ni\u00f1o Mayer, inform\u00f3 que en la construcci\u00f3n del nuevo Modelo Educativo se recibieron m\u00e1s de 300 mil comentarios en la consulta nacional que permiti\u00f3 construir este modelo que hoy se presenta, y el cual se desglosa en tres documentos: Los Fines de la Educaci\u00f3n para el Siglo XXI, El Nuevo Modelo Educativo y La Ruta para la Implementaci\u00f3n del Nuevo Modelo Educativo, que juntos permitir\u00e1n educar con visi\u00f3n, para la libertad y la creatividad, \u201caqu\u00ed est\u00e1n detallados los planes y programas de estudio para que funcione en 2018\u201d.<br \/>\nLa reorganizaci\u00f3n del sistema educativo actual se dar\u00e1 a partir de la definici\u00f3n de cinco ejes de acci\u00f3n: Cambio del modelo pedag\u00f3gico, poner a la escuela en el centro, formaci\u00f3n profesional de los maestros, equidad e inclusi\u00f3n y nueva gobernanza educativa.<\/p>\n<div class='share-to-whatsapp-wrapper'><div class='share-on-whsp'>Share on: <\/div><a data-text='EDUCACI\u00d3N, ALTA PRIORIDAD: Recalca el Gobernador de QRoo al presentarse modelo obligatorio' data-link='https:\/\/visionpeninsular.com\/mid\/educacion-alta-prioridad-recalca-gobernador-al-presentarse-modelo-obligatorio\/' class='whatsapp-button whatsapp-share'>WhatsApp<\/a><div class='clear '><\/div><\/div>","protected":false},"excerpt":{"rendered":"<p>El Gobernador del Estado, Carlos Joaqu\u00edn Gonz\u00e1lez, asisti\u00f3 esta tarde a la presentaci\u00f3n del Modelo Educativo para la Educaci\u00f3n Obligatoria, a cargo del Presidente de la Rep\u00fablica, Enrique Pe\u00f1a Nieto, el cual entrar\u00e1 en vigor en el ciclo escolar 2018-2019 y establece una reorganizaci\u00f3n del sistema educativo actual a partir de la definici\u00f3n de cinco &hellip;<\/p>\n","protected":false},"author":1,"featured_media":22383,"comment_status":"open","ping_status":"open","sticky":false,"template":"","format":"standard","meta":{"_mi_skip_tracking":false},"categories":[47],"tags":[54],"_links":{"self":[{"href":"https:\/\/visionpeninsular.com\/mid\/wp-json\/wp\/v2\/posts\/22382"}],"collection":[{"href":"https:\/\/visionpeninsular.com\/mid\/wp-json\/wp\/v2\/posts"}],"about":[{"href":"https:\/\/visionpeninsular.com\/mid\/wp-json\/wp\/v2\/types\/post"}],"author":[{"embeddable":true,"href":"https:\/\/visionpeninsular.com\/mid\/wp-json\/wp\/v2\/users\/1"}],"replies":[{"embeddable":true,"href":"https:\/\/visionpeninsular.com\/mid\/wp-json\/wp\/v2\/comments?post=22382"}],"version-history":[{"count":2,"href":"https:\/\/visionpeninsular.com\/mid\/wp-json\/wp\/v2\/posts\/22382\/revisions"}],"predecessor-version":[{"id":22385,"href":"https:\/\/visionpeninsular.com\/mid\/wp-json\/wp\/v2\/posts\/22382\/revisions\/22385"}],"wp:featuredmedia":[{"embeddable":true,"href":"https:\/\/visionpeninsular.com\/mid\/wp-json\/wp\/v2\/media\/22383"}],"wp:attachment":[{"href":"https:\/\/visionpeninsular.com\/mid\/wp-json\/wp\/v2\/media?parent=22382"}],"wp:term":[{"taxonomy":"category","embeddable":true,"href":"https:\/\/visionpeninsular.com\/mid\/wp-json\/wp\/v2\/categories?post=22382"},{"taxonomy":"post_tag","embeddable":true,"href":"https:\/\/visionpeninsular.com\/mid\/wp-json\/wp\/v2\/tags?post=22382"}],"curies":[{"name":"wp","href":"https:\/\/api.w.org\/{rel}","templated":true}]}}