{"id":22343,"date":"2017-03-13T06:30:14","date_gmt":"2017-03-13T12:30:14","guid":{"rendered":"http:\/\/visionpeninsular.com\/mid\/?p=22343"},"modified":"2017-03-13T06:30:14","modified_gmt":"2017-03-13T12:30:14","slug":"platicale-al-gobernador-anuncian-audiencias-publicas-carlos-joaquin-gabinete-a-partir-del-miercoles","status":"publish","type":"post","link":"https:\/\/visionpeninsular.com\/mid\/platicale-al-gobernador-anuncian-audiencias-publicas-carlos-joaquin-gabinete-a-partir-del-miercoles\/","title":{"rendered":"\u201cPLAT\u00cdCALE AL GOBERNADOR\u2026\u201d: Anuncian audiencias p\u00fablicas de Carlos Joaqu\u00edn con todo su gabinete a partir del mi\u00e9rcoles"},"content":{"rendered":"<p><strong> E<\/strong>l Gobernador Carlos Joaqu\u00edn encabezar\u00e1 la primera audiencia p\u00fablica denominada \u201cPlat\u00edcale al Gobernador\u201d, este mi\u00e9rcoles 15 de marzo en la Explanada de la Bandera, frente al Palacio de Gobierno, acompa\u00f1ado de su gabinete, se inform\u00f3 mediante un comunicado de prensa.<\/p>\n<p>En \u201cPlat\u00edcale al Gobernador\u201d, que se desarrollar\u00e1 de las 9:00 a las 13:00 horas, se instalar\u00e1n m\u00f3dulos de registro para catalogar la naturaleza de la necesidad y las opciones de soluci\u00f3n que ofrecen las dependencias del gobierno estatal.<\/p>\n<p>Participar\u00e1 el gabinete legal de la administraci\u00f3n estatal: la Secretar\u00eda de Gobierno, de Finanzas y Planeaci\u00f3n, de Desarrollo Social e Ind\u00edgena, de Desarrollo Urbano y Vivienda, de Turismo, de la Gesti\u00f3n P\u00fablica, de Seguridad P\u00fablica, de Educaci\u00f3n y Cultura, del Trabajo y Previsi\u00f3n Social, de Desarrollo Agropecuario y Rural, de Salud, de Ecolog\u00eda y Medio Ambiente y la Oficial\u00eda Mayor.<\/p>\n<p>Durante la presentaci\u00f3n del Plan Estatal de Desarrollo 2016-2022, el Gobernador Carlos Joaqu\u00edn destac\u00f3 que es preciso escuchar para avanzar juntos, por ello, las acciones y programas que contienen sus 5 ejes estrat\u00e9gicos son resultado de la voluntad ciudadana y de escuchar a la gente, tarea que continuar\u00e1 con \u201cPlat\u00edcale al Gobernador\u201d.<\/p>\n<div class='share-to-whatsapp-wrapper'><div class='share-on-whsp'>Share on: <\/div><a data-text='\u201cPLAT\u00cdCALE AL GOBERNADOR\u2026\u201d: Anuncian audiencias p\u00fablicas de Carlos Joaqu\u00edn con todo su gabinete a partir del mi\u00e9rcoles' data-link='https:\/\/visionpeninsular.com\/mid\/platicale-al-gobernador-anuncian-audiencias-publicas-carlos-joaquin-gabinete-a-partir-del-miercoles\/' class='whatsapp-button whatsapp-share'>WhatsApp<\/a><div class='clear '><\/div><\/div>","protected":false},"excerpt":{"rendered":"<p>El Gobernador Carlos Joaqu\u00edn encabezar\u00e1 la primera audiencia p\u00fablica denominada \u201cPlat\u00edcale al Gobernador\u201d, este mi\u00e9rcoles 15 de marzo en la Explanada de la Bandera, frente al Palacio de Gobierno, acompa\u00f1ado de su gabinete, se inform\u00f3 mediante un comunicado de prensa. En \u201cPlat\u00edcale al Gobernador\u201d, que se desarrollar\u00e1 de las 9:00 a las 13:00 horas, se &hellip;<\/p>\n","protected":false},"author":1,"featured_media":22344,"comment_status":"open","ping_status":"open","sticky":false,"template":"","format":"standard","meta":{"_mi_skip_tracking":false},"categories":[47],"tags":[54],"_links":{"self":[{"href":"https:\/\/visionpeninsular.com\/mid\/wp-json\/wp\/v2\/posts\/22343"}],"collection":[{"href":"https:\/\/visionpeninsular.com\/mid\/wp-json\/wp\/v2\/posts"}],"about":[{"href":"https:\/\/visionpeninsular.com\/mid\/wp-json\/wp\/v2\/types\/post"}],"author":[{"embeddable":true,"href":"https:\/\/visionpeninsular.com\/mid\/wp-json\/wp\/v2\/users\/1"}],"replies":[{"embeddable":true,"href":"https:\/\/visionpeninsular.com\/mid\/wp-json\/wp\/v2\/comments?post=22343"}],"version-history":[{"count":1,"href":"https:\/\/visionpeninsular.com\/mid\/wp-json\/wp\/v2\/posts\/22343\/revisions"}],"predecessor-version":[{"id":22345,"href":"https:\/\/visionpeninsular.com\/mid\/wp-json\/wp\/v2\/posts\/22343\/revisions\/22345"}],"wp:featuredmedia":[{"embeddable":true,"href":"https:\/\/visionpeninsular.com\/mid\/wp-json\/wp\/v2\/media\/22344"}],"wp:attachment":[{"href":"https:\/\/visionpeninsular.com\/mid\/wp-json\/wp\/v2\/media?parent=22343"}],"wp:term":[{"taxonomy":"category","embeddable":true,"href":"https:\/\/visionpeninsular.com\/mid\/wp-json\/wp\/v2\/categories?post=22343"},{"taxonomy":"post_tag","embeddable":true,"href":"https:\/\/visionpeninsular.com\/mid\/wp-json\/wp\/v2\/tags?post=22343"}],"curies":[{"name":"wp","href":"https:\/\/api.w.org\/{rel}","templated":true}]}}