{"id":22275,"date":"2017-03-10T13:15:36","date_gmt":"2017-03-10T19:15:36","guid":{"rendered":"http:\/\/visionpeninsular.com\/mid\/?p=22275"},"modified":"2017-03-10T13:15:36","modified_gmt":"2017-03-10T19:15:36","slug":"zika-causo-microcefalia-en-recien-nacido-en-yucatan-ssy","status":"publish","type":"post","link":"https:\/\/visionpeninsular.com\/mid\/zika-causo-microcefalia-en-recien-nacido-en-yucatan-ssy\/","title":{"rendered":"Zika no caus\u00f3  microcefalia en reci\u00e9n nacido en Yucat\u00e1n: SSY"},"content":{"rendered":"<p>Jorge Mendoza M\u00e9zquita, secretario de Salud de Yucat\u00e1n, se refiri\u00f3 al caso del reci\u00e9n nacido con microcefalia presentado esta semana epidemiol\u00f3gica, e  insisti\u00f3 no estar asociado al zika, pero mencion\u00f3 que se mantiene vigilancia al respecto.<\/p>\n<p>De acuerdo con el bolet\u00edn de la Direcci\u00f3n General de Epidemiolog\u00eda, en la semana ocho se registr\u00f3 el caso de un var\u00f3n nacido con microcefalia, enfermedad  relacionada al contagio por zika, aunque este no fue as\u00ed.<\/p>\n<p>\u201cSeguimos sin ning\u00fan caso de microcefalia por zika. No hay que olvidar que no est\u00e1 comprobado que sea por haber padecido zika. Hay otras causas que la provocan\u201d, dijo.<\/p>\n<p>El secretario reconoci\u00f3 que este padecimiento ya se ha presentado antes en el estado, pues en 2016 tambi\u00e9n se report\u00f3 un caso;   se\u00f1al\u00f3 que en general, la falta de lluvias ha mantenido a raya las enfermedades transmitidas por vectores, aunque se\u00f1al\u00f3 que siempre hay riesgo de que \u00e9stas incrementen e incluso, reiter\u00f3 que existe la posibilidad de que lleguen a la entidad padecimientos como la fiebre amarilla y virus del mayaro.<\/p>\n<p>El funcionario estatal mencion\u00f3 que actualmente se tienen confirmados ocho casos de dengue, ninguno de chikungunya y seis de zika, de \u00e9stos, tres son mujeres embarazadas. Se\u00f1al\u00f3 que en esta \u00faltima enfermedad ha habido un aumento, aunque en la \u00faltima semana no se registr\u00f3 ning\u00fan  nuevo caso.<\/p>\n<div class='share-to-whatsapp-wrapper'><div class='share-on-whsp'>Share on: <\/div><a data-text='Zika no caus\u00f3  microcefalia en reci\u00e9n nacido en Yucat\u00e1n: SSY' data-link='https:\/\/visionpeninsular.com\/mid\/zika-causo-microcefalia-en-recien-nacido-en-yucatan-ssy\/' class='whatsapp-button whatsapp-share'>WhatsApp<\/a><div class='clear '><\/div><\/div>","protected":false},"excerpt":{"rendered":"<p>Jorge Mendoza M\u00e9zquita, secretario de Salud de Yucat\u00e1n, se refiri\u00f3 al caso del reci\u00e9n nacido con microcefalia presentado esta semana epidemiol\u00f3gica, e insisti\u00f3 no estar asociado al zika, pero mencion\u00f3 que se mantiene vigilancia al respecto. De acuerdo con el bolet\u00edn de la Direcci\u00f3n General de Epidemiolog\u00eda, en la semana ocho se registr\u00f3 el caso &hellip;<\/p>\n","protected":false},"author":5,"featured_media":22276,"comment_status":"open","ping_status":"open","sticky":false,"template":"","format":"standard","meta":{"_mi_skip_tracking":false},"categories":[50],"tags":[3306,1950,87],"_links":{"self":[{"href":"https:\/\/visionpeninsular.com\/mid\/wp-json\/wp\/v2\/posts\/22275"}],"collection":[{"href":"https:\/\/visionpeninsular.com\/mid\/wp-json\/wp\/v2\/posts"}],"about":[{"href":"https:\/\/visionpeninsular.com\/mid\/wp-json\/wp\/v2\/types\/post"}],"author":[{"embeddable":true,"href":"https:\/\/visionpeninsular.com\/mid\/wp-json\/wp\/v2\/users\/5"}],"replies":[{"embeddable":true,"href":"https:\/\/visionpeninsular.com\/mid\/wp-json\/wp\/v2\/comments?post=22275"}],"version-history":[{"count":1,"href":"https:\/\/visionpeninsular.com\/mid\/wp-json\/wp\/v2\/posts\/22275\/revisions"}],"predecessor-version":[{"id":22277,"href":"https:\/\/visionpeninsular.com\/mid\/wp-json\/wp\/v2\/posts\/22275\/revisions\/22277"}],"wp:featuredmedia":[{"embeddable":true,"href":"https:\/\/visionpeninsular.com\/mid\/wp-json\/wp\/v2\/media\/22276"}],"wp:attachment":[{"href":"https:\/\/visionpeninsular.com\/mid\/wp-json\/wp\/v2\/media?parent=22275"}],"wp:term":[{"taxonomy":"category","embeddable":true,"href":"https:\/\/visionpeninsular.com\/mid\/wp-json\/wp\/v2\/categories?post=22275"},{"taxonomy":"post_tag","embeddable":true,"href":"https:\/\/visionpeninsular.com\/mid\/wp-json\/wp\/v2\/tags?post=22275"}],"curies":[{"name":"wp","href":"https:\/\/api.w.org\/{rel}","templated":true}]}}