{"id":22166,"date":"2017-03-07T11:51:28","date_gmt":"2017-03-07T17:51:28","guid":{"rendered":"http:\/\/visionpeninsular.com\/mid\/?p=22166"},"modified":"2017-03-07T11:51:28","modified_gmt":"2017-03-07T17:51:28","slug":"consideran-equinoccio-primavera-atraeria-15-mil-personas-a-chichen-itza","status":"publish","type":"post","link":"https:\/\/visionpeninsular.com\/mid\/consideran-equinoccio-primavera-atraeria-15-mil-personas-a-chichen-itza\/","title":{"rendered":"Consideran que equinoccio de primavera atraer\u00eda 15 mil personas a Chichen Itz\u00e1"},"content":{"rendered":"<p>Durante los d\u00edas 20 y 21 de marzo, equinoccio de primavera, habr\u00e1 un dispositivo de seguridad de 250 personas participando en Chich\u00e9n Itz\u00e1, ya que el Patronato CULTUR calcula la posibilidad de que unos 15,000 visitantes acudan a presenciar el arribo de Kukulk\u00e1n a esta hist\u00f3rica y milenaria  ciudad maya.<\/p>\n<p>El titular de CULTUR, Dafne L\u00f3pez Mart\u00ednez,  dijo que el evento m\u00e1s importante del a\u00f1o, se realiza en coordinaci\u00f3n con el INAH.<\/p>\n<p>Los preparativos y previsiones subrayan que el mayor n\u00famero de personas acudir\u00e1n el lunes 20, que est\u00e1 marcado como festivo y se suspenden labores, por lo que se espera un mayor n\u00famero de visitantes; el martes 21 ser\u00e1n muchos menos,  pero la previsi\u00f3n es que unas 15 mil personas puedan acudir, principalmente visitantes desde Quintana Roo y Campeche.<\/p>\n<p>L\u00f3pez Mart\u00ednez extern\u00f3 que los yucatecos con credencial de elector que se identifiquen a la entrada del parador tur\u00edstico  de acuerdo con el decreto del gobierno estatal, acceder\u00e1n de manera gratuita en la taquilla, cubriendo solamente la cuota del INAH que es de 85 pesos.<\/p>\n<p>Recalc\u00f3 que esta medida es solamente para las personas que tengan una credencial de elector con registro en Yucat\u00e1n, ya que los visitantes de otras entidades tendr\u00e1n que cubrir el pago al estado y a la federaci\u00f3n.<\/p>\n<div class='share-to-whatsapp-wrapper'><div class='share-on-whsp'>Share on: <\/div><a data-text='Consideran que equinoccio de primavera atraer\u00eda 15 mil personas a Chichen Itz\u00e1' data-link='https:\/\/visionpeninsular.com\/mid\/consideran-equinoccio-primavera-atraeria-15-mil-personas-a-chichen-itza\/' class='whatsapp-button whatsapp-share'>WhatsApp<\/a><div class='clear '><\/div><\/div>","protected":false},"excerpt":{"rendered":"<p>Durante los d\u00edas 20 y 21 de marzo, equinoccio de primavera, habr\u00e1 un dispositivo de seguridad de 250 personas participando en Chich\u00e9n Itz\u00e1, ya que el Patronato CULTUR calcula la posibilidad de que unos 15,000 visitantes acudan a presenciar el arribo de Kukulk\u00e1n a esta hist\u00f3rica y milenaria ciudad maya. El titular de CULTUR, Dafne &hellip;<\/p>\n","protected":false},"author":5,"featured_media":22167,"comment_status":"open","ping_status":"open","sticky":false,"template":"","format":"standard","meta":{"_mi_skip_tracking":false},"categories":[50],"tags":[211,547,5582],"_links":{"self":[{"href":"https:\/\/visionpeninsular.com\/mid\/wp-json\/wp\/v2\/posts\/22166"}],"collection":[{"href":"https:\/\/visionpeninsular.com\/mid\/wp-json\/wp\/v2\/posts"}],"about":[{"href":"https:\/\/visionpeninsular.com\/mid\/wp-json\/wp\/v2\/types\/post"}],"author":[{"embeddable":true,"href":"https:\/\/visionpeninsular.com\/mid\/wp-json\/wp\/v2\/users\/5"}],"replies":[{"embeddable":true,"href":"https:\/\/visionpeninsular.com\/mid\/wp-json\/wp\/v2\/comments?post=22166"}],"version-history":[{"count":1,"href":"https:\/\/visionpeninsular.com\/mid\/wp-json\/wp\/v2\/posts\/22166\/revisions"}],"predecessor-version":[{"id":22168,"href":"https:\/\/visionpeninsular.com\/mid\/wp-json\/wp\/v2\/posts\/22166\/revisions\/22168"}],"wp:featuredmedia":[{"embeddable":true,"href":"https:\/\/visionpeninsular.com\/mid\/wp-json\/wp\/v2\/media\/22167"}],"wp:attachment":[{"href":"https:\/\/visionpeninsular.com\/mid\/wp-json\/wp\/v2\/media?parent=22166"}],"wp:term":[{"taxonomy":"category","embeddable":true,"href":"https:\/\/visionpeninsular.com\/mid\/wp-json\/wp\/v2\/categories?post=22166"},{"taxonomy":"post_tag","embeddable":true,"href":"https:\/\/visionpeninsular.com\/mid\/wp-json\/wp\/v2\/tags?post=22166"}],"curies":[{"name":"wp","href":"https:\/\/api.w.org\/{rel}","templated":true}]}}