{"id":217584,"date":"2026-09-04T16:17:56","date_gmt":"2026-09-04T21:17:56","guid":{"rendered":"https:\/\/visionpeninsular.com\/mid\/?p=217584"},"modified":"2026-09-04T16:17:59","modified_gmt":"2026-09-04T21:17:59","slug":"sexta-edicion-de-viva-la-disco-en-el-centro-de-artes-visuales","status":"publish","type":"post","link":"https:\/\/visionpeninsular.com\/mid\/sexta-edicion-de-viva-la-disco-en-el-centro-de-artes-visuales\/","title":{"rendered":"Sexta edici\u00f3n de Viva la disco en el Centro de Artes Visuales"},"content":{"rendered":"\n<p>M\u00e9rida, 4 de septiembre de 2026.- A menos de dos semanas para el inicio del Tianguis Cultural del Disco m\u00e1s grande e importante de la Pen\u00ednsula de Yucat\u00e1n, ya todo se encuentra listo para que el 12 de septiembre de 2026, este importante evento suceda en el Centro de las Artes Visuales de Yucat\u00e1n.<\/p>\n\n\n\n<p>Este a\u00f1o, Viva la Disco servir\u00e1 como evento de cierre del Encuentro del Sector Musical Independiente de Yucat\u00e1n 2026, gracias al apoyo de Sedeculta, y tendr\u00e1, adem\u00e1s de la consabida reuni\u00f3n de las m\u00e1s de 30 tiendas participantes, otros eventos y activaciones que contribuyen a que se d\u00e9 difusi\u00f3n a la m\u00fasica desde otros frentes, formatos y soportes, tales como la presentaci\u00f3n del libro Yo Soy la Cumbia de la Editorial Universidad de Guadalajara con la presencia de Enrique Blanc, Alejandro Gonz\u00e1lez, Tamara Bregman, Rulo Zetaka y \u00c1ngel Chim aka La Matraka.<\/p>\n\n\n\n<p>Para el cierre de esta presentaci\u00f3n, se contar\u00e1 con un set de cumbias a cargo de Jeni Janes y de Tropi Klaw, ambas pertenecientes al colectivo Morras y Vinilos. Otras dos presentaciones editoriales tendr\u00e1n lugar tambi\u00e9n en este evento: el libro 500 minutos de Ehekatl Hern\u00e1ndez y el fanzine Chunchaca: La cumbia del sureste, editado por Discos y Amigos y que cuenta con la participaci\u00f3n de Sabrosura Sound System, Eder Polanco y el locutor Rigel Alonzo.<\/p>\n\n\n\n<p>Igualmente, se har\u00e1 la presentaci\u00f3n de la producci\u00f3n discogr\u00e1fica Agon\u00eda\/Floro de la agrupaci\u00f3n colombiana Mamut, el cual ha sido editado por Voodoo Night Discos, quienes adem\u00e1s, son tambi\u00e9n la tienda invitada for\u00e1nea de esta edici\u00f3n. La presentaci\u00f3n de este disco corre a cargo de Felipe Q, DJ de origen venezonalo-colombiano y quien adem\u00e1s es uno de los m\u00e1s destacados y habilidosos artistas en la escena.<\/p>\n\n\n\n<p>Tambi\u00e9n, se contar\u00e1 con la participaci\u00f3n de Monterreina, selectora originaria de Islas Canarias, Espa\u00f1a quien en su gira por M\u00e9xico, estar\u00e1 presentando un set de joyas musicales con discos que no giran con frecuencia en nuestro pa\u00eds. Monterreina forma parte de Pimienta Selectoras y su visita es posible gracias al apoyo del Gobierno de Canarias. A la par habr\u00e1 otros DJ sets a cargo de Alejandro D\u00e1vila, originario de Guadalajara y uno de los pioneros de la m\u00fasica electr\u00f3nica en M\u00e9xico, as\u00ed como de Sixx, Picadiscos, Master May, DJ Adams y DJ Perro Negro. Tambi\u00e9n, se contar\u00e1 con una activaci\u00f3n del Indie Fest uno de los festivales de rock m\u00e1s importantes de Yucat\u00e1n.<\/p>\n\n\n\n<p>Importante tambi\u00e9n ser\u00e1 el conversatorio que Alejando Gonz\u00e1lez y Enrique Blanc ofrecer\u00e1n<\/p>\n\n\n\n<p>al inicio de este evento, en el cual hablar\u00e1n sobre periodismo musical y las diversidades de esta profesi\u00f3n. Dicho conversatorio estar\u00e1 moderado por Leonor Ch\u00e1vez.<\/p>\n\n\n\n<p>Sin duda, esta ser\u00e1 la edici\u00f3n de mayor envergadura al contar con m\u00e1s de 30 participantes entre tiendas de discos, tiendas de mercanc\u00eda relacionada a la m\u00fasica, casas editoriales y emprendedores de alimentos. Esta sexta edici\u00f3n marca a Viva la Disco como un foro que promueve la cultura del formato f\u00edsico de la m\u00fasica y que busca seguir fomentando todas las formas de expresi\u00f3n que componen a la cultura del disco, as\u00ed como fortaleciendo la comunidad vinilera en el estado.<\/p>\n\n\n\n<p>Todas las actividades tendr\u00e1n lugar en el Centro de Artes Visuales de 12:00 del d\u00eda a 8:00 de la noche, el d\u00eda 12 de septiembre del presente.<\/p>\n<div class='share-to-whatsapp-wrapper'><div class='share-on-whsp'>Share on: <\/div><a data-text='Sexta edici\u00f3n de Viva la disco en el Centro de Artes Visuales' data-link='https:\/\/visionpeninsular.com\/mid\/sexta-edicion-de-viva-la-disco-en-el-centro-de-artes-visuales\/' class='whatsapp-button whatsapp-share'>WhatsApp<\/a><div class='clear '><\/div><\/div>","protected":false},"excerpt":{"rendered":"<p>M\u00e9rida, 4 de septiembre de 2026.- A menos de dos semanas para el inicio del Tianguis Cultural del Disco m\u00e1s grande e importante de la Pen\u00ednsula de Yucat\u00e1n, ya todo se encuentra listo para que el 12 de septiembre de 2026, este importante evento suceda en el Centro de las Artes Visuales de Yucat\u00e1n. Este &hellip;<\/p>\n","protected":false},"author":5,"featured_media":217588,"comment_status":"open","ping_status":"open","sticky":false,"template":"","format":"standard","meta":{"_exactmetrics_skip_tracking":false},"categories":[50,37],"tags":[2083,56208,56207],"_links":{"self":[{"href":"https:\/\/visionpeninsular.com\/mid\/wp-json\/wp\/v2\/posts\/217584"}],"collection":[{"href":"https:\/\/visionpeninsular.com\/mid\/wp-json\/wp\/v2\/posts"}],"about":[{"href":"https:\/\/visionpeninsular.com\/mid\/wp-json\/wp\/v2\/types\/post"}],"author":[{"embeddable":true,"href":"https:\/\/visionpeninsular.com\/mid\/wp-json\/wp\/v2\/users\/5"}],"replies":[{"embeddable":true,"href":"https:\/\/visionpeninsular.com\/mid\/wp-json\/wp\/v2\/comments?post=217584"}],"version-history":[{"count":1,"href":"https:\/\/visionpeninsular.com\/mid\/wp-json\/wp\/v2\/posts\/217584\/revisions"}],"predecessor-version":[{"id":217589,"href":"https:\/\/visionpeninsular.com\/mid\/wp-json\/wp\/v2\/posts\/217584\/revisions\/217589"}],"wp:featuredmedia":[{"embeddable":true,"href":"https:\/\/visionpeninsular.com\/mid\/wp-json\/wp\/v2\/media\/217588"}],"wp:attachment":[{"href":"https:\/\/visionpeninsular.com\/mid\/wp-json\/wp\/v2\/media?parent=217584"}],"wp:term":[{"taxonomy":"category","embeddable":true,"href":"https:\/\/visionpeninsular.com\/mid\/wp-json\/wp\/v2\/categories?post=217584"},{"taxonomy":"post_tag","embeddable":true,"href":"https:\/\/visionpeninsular.com\/mid\/wp-json\/wp\/v2\/tags?post=217584"}],"curies":[{"name":"wp","href":"https:\/\/api.w.org\/{rel}","templated":true}]}}