{"id":217561,"date":"2026-09-03T18:38:05","date_gmt":"2026-09-03T23:38:05","guid":{"rendered":"https:\/\/visionpeninsular.com\/mid\/?p=217561"},"modified":"2026-09-03T18:38:07","modified_gmt":"2026-09-03T23:38:07","slug":"invita-cecilia-patron-a-familias-meridanas-a-participar-contra-las-adicciones-con-la-carrera-d-a-r-e-2026-correr-con-valentia-y-corazon","status":"publish","type":"post","link":"https:\/\/visionpeninsular.com\/mid\/invita-cecilia-patron-a-familias-meridanas-a-participar-contra-las-adicciones-con-la-carrera-d-a-r-e-2026-correr-con-valentia-y-corazon\/","title":{"rendered":"Invita Cecilia Patr\u00f3n a familias meridanas a participar contra las adicciones con la carrera D.A.R.E. 2026 \u201cCorrer con Valent\u00eda y Coraz\u00f3n\u201d."},"content":{"rendered":"\n<ul><li><strong><em>M\u00e9rida fortalece 18 a\u00f1os de trabajo preventivo contra las adicciones con la Polic\u00eda Municipal y Patronato DARE<\/em><\/strong><\/li><li><strong><em>La carrera se realizar\u00e1 el 27 de septiembre en el Jard\u00edn Bepensa, con una meta de reunir a 1 mil 500 participantes entre estudiantes de D.A.R.E., familias de la ciudad.<\/em><\/strong><\/li><\/ul>\n\n\n\n<p>M\u00e9rida, Yucat\u00e1n, a 3 de septiembre de 2026.- Con el llamado a construir una M\u00e9rida m\u00e1s segura desde la prevenci\u00f3n, la convivencia familiar y el deporte, la presidenta municipal de M\u00e9rida, Cecilia Patr\u00f3n Laviada, invit\u00f3 a las familias meridanas a participar en la tradicional Carrera D.A.R.E. 2026 \u201cCorre con Valent\u00eda y Coraz\u00f3n\u201d, que este a\u00f1o conmemora los 18 a\u00f1os de trabajo del programa en beneficio de ni\u00f1as, ni\u00f1os y j\u00f3venes de la ciudad.<\/p>\n\n\n\n<figure class=\"wp-block-image size-large\"><img loading=\"lazy\" width=\"1024\" height=\"682\" src=\"https:\/\/visionpeninsular.com\/mid\/wp-content\/uploads\/2026\/09\/corre-2-1024x682.jpg\" alt=\"\" class=\"wp-image-217564\" srcset=\"https:\/\/visionpeninsular.com\/mid\/wp-content\/uploads\/2026\/09\/corre-2-1024x682.jpg 1024w, https:\/\/visionpeninsular.com\/mid\/wp-content\/uploads\/2026\/09\/corre-2-300x200.jpg 300w, https:\/\/visionpeninsular.com\/mid\/wp-content\/uploads\/2026\/09\/corre-2-768x512.jpg 768w, https:\/\/visionpeninsular.com\/mid\/wp-content\/uploads\/2026\/09\/corre-2-1536x1023.jpg 1536w, https:\/\/visionpeninsular.com\/mid\/wp-content\/uploads\/2026\/09\/corre-2-310x205.jpg 310w, https:\/\/visionpeninsular.com\/mid\/wp-content\/uploads\/2026\/09\/corre-2.jpg 1600w\" sizes=\"(max-width: 1024px) 100vw, 1024px\" \/><\/figure>\n\n\n\n<p>\u201cEsta carrera no se trata de llegar primero, se trata de que lleguemos juntos, que lleguemos en comunidad. Es una oportunidad para que madres y padres corran con sus hijos, que las y los j\u00f3venes encuentren en el deporte una alternativa sana de convivencia y que las familias disfruten de una ma\u00f1ana activa y diferente\u201d, expres\u00f3 la alcaldesa.&nbsp;<\/p>\n\n\n\n<p>La carrera se llevar\u00e1 a cabo el pr\u00f3ximo 27 de septiembre en el Jard\u00edn Bepensa, ubicado en la avenida M\u00e9rida 2000, en una nueva sede para acercar esta actividad a las familias del poniente de M\u00e9rida. Antes se realizaba en Paseo de Montejo.<\/p>\n\n\n\n<p>La edici\u00f3n 2026 contempla una carrera de 5 kil\u00f3metros y una caminata de 3 kil\u00f3metros, con una meta de reunir a 1 mil 500 participantes, entre ellos 1 mil estudiantes patrocinados de D.A.R.E. y 500 lugares disponibles para el p\u00fablico general, adem\u00e1s de familias, empresas, instituciones y aliados.<\/p>\n\n\n\n<figure class=\"wp-block-image size-full\"><img loading=\"lazy\" width=\"600\" height=\"399\" src=\"https:\/\/visionpeninsular.com\/mid\/wp-content\/uploads\/2026\/09\/dare.jpg\" alt=\"\" class=\"wp-image-217565\" srcset=\"https:\/\/visionpeninsular.com\/mid\/wp-content\/uploads\/2026\/09\/dare.jpg 600w, https:\/\/visionpeninsular.com\/mid\/wp-content\/uploads\/2026\/09\/dare-300x200.jpg 300w, https:\/\/visionpeninsular.com\/mid\/wp-content\/uploads\/2026\/09\/dare-310x205.jpg 310w\" sizes=\"(max-width: 600px) 100vw, 600px\" \/><\/figure>\n\n\n\n<p>La carrera de 5 K contar\u00e1 con las categor\u00edas Juvenil, de 14 a 17 a\u00f1os; Libre, de 18 a 39 a\u00f1os; M\u00e1ster, de 40 a 49 a\u00f1os; y Veterano, para mayores de 50 a\u00f1os. Los participantes recibir\u00e1n un kit que incluye playera y medalla de participaci\u00f3n, mientras que los primeros lugares recibir\u00e1n trofeos. Tambi\u00e9n habr\u00e1 hidrataci\u00f3n y un \u00e1rea de esparcimiento para ni\u00f1as y ni\u00f1os.<\/p>\n\n\n\n<p>Las inscripciones estar\u00e1n abiertas del 3 al 23 de septiembre, con un costo de 250 pesos para el p\u00fablico general, a trav\u00e9s de www.daremerida.org y en los puntos presenciales: ProHispen en la colonia M\u00e9xico, Showroom VD en City Center, Credivive Itz\u00e1es, Credivive Kukulc\u00e1n, y el Palacio Municipal.<\/p>\n\n\n\n<p>La presidenta municipal destac\u00f3 que D.A.R.E. representa una de las principales estrategias preventivas del Ayuntamiento, al brindar a ni\u00f1as, ni\u00f1os, adolescentes y juventudes herramientas para la vida, fortalecer la toma de decisiones seguras y promover estilos de vida saludables.<\/p>\n\n\n\n<p>En este sentido, reconoci\u00f3 el trabajo que realizan diariamente los elementos de la Polic\u00eda Municipal de M\u00e9rida y, particularmente, el equipo D.A.R.E., integrado por 20 polic\u00edas capacitados y certificados internacionalmente en el modelo preventivo. El programa ha atendido a m\u00e1s de 80 mil estudiantes, as\u00ed como vecinas y vecinos, mediante cursos, talleres, pl\u00e1ticas, visitas escolares y actividades l\u00fadicas, recreativas y deportivas.<\/p>\n\n\n\n<figure class=\"wp-block-image size-full\"><img loading=\"lazy\" width=\"600\" height=\"399\" src=\"https:\/\/visionpeninsular.com\/mid\/wp-content\/uploads\/2026\/09\/corre-dare.jpg\" alt=\"\" class=\"wp-image-217566\" srcset=\"https:\/\/visionpeninsular.com\/mid\/wp-content\/uploads\/2026\/09\/corre-dare.jpg 600w, https:\/\/visionpeninsular.com\/mid\/wp-content\/uploads\/2026\/09\/corre-dare-300x200.jpg 300w, https:\/\/visionpeninsular.com\/mid\/wp-content\/uploads\/2026\/09\/corre-dare-310x205.jpg 310w\" sizes=\"(max-width: 600px) 100vw, 600px\" \/><\/figure>\n\n\n\n<p>Tambi\u00e9n destac\u00f3 que, de acuerdo con la Encuesta Nacional de Seguridad P\u00fablica Urbana (ENSU) del INEGI, el 72.9 por ciento de la ciudadan\u00eda manifest\u00f3 tener mucha o algo de confianza en la Polic\u00eda Municipal de M\u00e9rida, porcentaje que coloca a la ciudad en el quinto lugar nacional en confianza hacia su polic\u00eda municipal.<\/p>\n\n\n\n<p>\u201cEstos n\u00fameros no son producto de la casualidad; hay trabajo, hay polic\u00edas en las calles, hay capacitaci\u00f3n, inversi\u00f3n y equipo\u201d, se\u00f1al\u00f3 Patr\u00f3n Laviada.<\/p>\n\n\n\n<p>A\u00f1adi\u00f3 que el Ayuntamiento contin\u00faa fortaleciendo los espacios deportivos como parte de las acciones de prevenci\u00f3n, con la intervenci\u00f3n de 88 canchas de usos m\u00faltiples y la renovaci\u00f3n de las luminarias de campos deportivos y canchas con tecnolog\u00eda LED, con el prop\u00f3sito de generar espacios de mayor calidad, seguridad y aprovechamiento para ni\u00f1as, ni\u00f1os y j\u00f3venes.<\/p>\n\n\n\n<p>Finalmente, Cecilia Patr\u00f3n convoc\u00f3 a las familias de M\u00e9rida a sumarse a esta celebraci\u00f3n de 18 a\u00f1os de prevenci\u00f3n y a hacer de la Carrera D.A.R.E. 5K 2026 una gran fiesta comunitaria.<\/p>\n\n\n\n<p>\u201cCorramos por nuestros ni\u00f1os y ni\u00f1as, por nuestros j\u00f3venes y, sobre todo, corramos con valent\u00eda y con coraz\u00f3n\u201d, expres\u00f3.<\/p>\n\n\n\n<p>Por su parte,&nbsp; Nerio Torres Arcila, presidente de Vive Fundaci\u00f3n, dio a conocer que apoya D.A.R.E. porque la prevenci\u00f3n es la estructura que sostiene el futuro de la comunidad y las cifras nos exigen actuar, pues seg\u00fan datos de la Encuesta Nacional de Consumo de Drogas, Alcohol y Tabaco, la prevalencia del consumo de sustancias en nuestro pa\u00eds sigue a la alza.<\/p>\n\n\n\n<p>\u201cEste problema no distingue g\u00e9nero, el inicio es cada vez m\u00e1s temprano en el uso de sustancias y alcohol desde la ni\u00f1ez. La prevenci\u00f3n es una responsabilidad compartida, as\u00ed que frente a esta realidad necesitamos hacer un llamado urgente a la alianza entre la escuela y el hogar, entre la sociedad civil y gobierno\u201d, afirm\u00f3.<\/p>\n\n\n\n<p>El deporte es una herramienta fundamental para la prevenci\u00f3n, pues fomenta valores como la disciplina, la constancia, el esfuerzo y el compa\u00f1erismo, al mismo tiempo que genera espacios de convivencia para las familias.<\/p>\n\n\n\n<p>Acompa\u00f1aron a la alcaldesa Margarita D\u00edaz Rubio, presidenta honoraria del Patronato D.A.R.E. de M\u00e9rida; Carlos Mart\u00edn Brice\u00f1o, director de Fundaci\u00f3n Bepensa; Comisario Carlos Ricardo Marsh Ibarra, director de la Polic\u00eda Municipal; Jos\u00e9 Luis Gonz\u00e1lez Caba\u00f1as, subdirector de Prevenci\u00f3n Social del Delito y&nbsp; Participaci\u00f3n Ciudadana; Edgardo Mart\u00ednez Duarte, director general de Grupo Vive 8; Vanessa Castro Guti\u00e9rrez, directora ejecutiva de Vive Fundaci\u00f3n, y elemento del programa D.A.R.E.<\/p>\n\n\n\n<p><strong>#M\u00e9ridaContigoEsMejor<\/strong><\/p>\n<div class='share-to-whatsapp-wrapper'><div class='share-on-whsp'>Share on: <\/div><a data-text='Invita Cecilia Patr\u00f3n a familias meridanas a participar contra las adicciones con la carrera D.A.R.E. 2026 \u201cCorrer con Valent\u00eda y Coraz\u00f3n\u201d.' data-link='https:\/\/visionpeninsular.com\/mid\/invita-cecilia-patron-a-familias-meridanas-a-participar-contra-las-adicciones-con-la-carrera-d-a-r-e-2026-correr-con-valentia-y-corazon\/' class='whatsapp-button whatsapp-share'>WhatsApp<\/a><div class='clear '><\/div><\/div>","protected":false},"excerpt":{"rendered":"<p>M\u00e9rida fortalece 18 a\u00f1os de trabajo preventivo contra las adicciones con la Polic\u00eda Municipal y Patronato DARELa carrera se realizar\u00e1 el 27 de septiembre en el Jard\u00edn Bepensa, con una meta de reunir a 1 mil 500 participantes entre estudiantes de D.A.R.E., familias de la ciudad. M\u00e9rida, Yucat\u00e1n, a 3 de septiembre de 2026.- Con &hellip;<\/p>\n","protected":false},"author":5,"featured_media":217563,"comment_status":"open","ping_status":"open","sticky":false,"template":"","format":"standard","meta":{"_exactmetrics_skip_tracking":false},"categories":[49,37],"tags":[41,56200,5668,56201,13156],"_links":{"self":[{"href":"https:\/\/visionpeninsular.com\/mid\/wp-json\/wp\/v2\/posts\/217561"}],"collection":[{"href":"https:\/\/visionpeninsular.com\/mid\/wp-json\/wp\/v2\/posts"}],"about":[{"href":"https:\/\/visionpeninsular.com\/mid\/wp-json\/wp\/v2\/types\/post"}],"author":[{"embeddable":true,"href":"https:\/\/visionpeninsular.com\/mid\/wp-json\/wp\/v2\/users\/5"}],"replies":[{"embeddable":true,"href":"https:\/\/visionpeninsular.com\/mid\/wp-json\/wp\/v2\/comments?post=217561"}],"version-history":[{"count":1,"href":"https:\/\/visionpeninsular.com\/mid\/wp-json\/wp\/v2\/posts\/217561\/revisions"}],"predecessor-version":[{"id":217567,"href":"https:\/\/visionpeninsular.com\/mid\/wp-json\/wp\/v2\/posts\/217561\/revisions\/217567"}],"wp:featuredmedia":[{"embeddable":true,"href":"https:\/\/visionpeninsular.com\/mid\/wp-json\/wp\/v2\/media\/217563"}],"wp:attachment":[{"href":"https:\/\/visionpeninsular.com\/mid\/wp-json\/wp\/v2\/media?parent=217561"}],"wp:term":[{"taxonomy":"category","embeddable":true,"href":"https:\/\/visionpeninsular.com\/mid\/wp-json\/wp\/v2\/categories?post=217561"},{"taxonomy":"post_tag","embeddable":true,"href":"https:\/\/visionpeninsular.com\/mid\/wp-json\/wp\/v2\/tags?post=217561"}],"curies":[{"name":"wp","href":"https:\/\/api.w.org\/{rel}","templated":true}]}}