{"id":217553,"date":"2026-09-03T17:57:05","date_gmt":"2026-09-03T22:57:05","guid":{"rendered":"https:\/\/visionpeninsular.com\/mid\/?p=217553"},"modified":"2026-09-03T17:57:07","modified_gmt":"2026-09-03T22:57:07","slug":"sujeto-detenido-por-agredir-a-una-menor-con-arma-blanca-en-valladolid","status":"publish","type":"post","link":"https:\/\/visionpeninsular.com\/mid\/sujeto-detenido-por-agredir-a-una-menor-con-arma-blanca-en-valladolid\/","title":{"rendered":"Sujeto detenido por agredir a una menor con arma blanca en Valladolid"},"content":{"rendered":"\n<p>M\u00e9rida, 3 de septiembre de 2026.- Elementos de la Polic\u00eda Municipal de Valladolid acudieron para brindar atenci\u00f3n a una menor, identificada \u00fanicamente con las iniciales M.A.P.C., quien fuera lesionada con un arma blanca a &nbsp;fin de salvaguardar su integridad y solicitar la atenci\u00f3n m\u00e9dica correspondiente.<\/p>\n\n\n\n<p>El trabajo coordinado entre las corporaciones de seguridad, logr\u00f3 la detenci\u00f3n de una persona presuntamente relacionada con la agresi\u00f3n, registrada en calles de la colonia Santa Luc\u00eda, en Valladolid, en la calle 25 x40 y 42.<\/p>\n\n\n\n<p>Tras la valoraci\u00f3n inicial, la menor fue trasladada al Hospital General de Valladolid para recibir atenci\u00f3n m\u00e9dica especializada, as\u00ed como tambi\u00e9n &nbsp;se dio seguimiento a los procedimientos para la presentaci\u00f3n de las denuncias&nbsp; ante las autoridades competentes y el inicio de las investigaciones.<\/p>\n\n\n\n<p>La respuesta fue posible gracias a la coordinaci\u00f3n entre la Polic\u00eda Municipal de Valladolid, la Secretar\u00eda de Seguridad P\u00fablica de Yucat\u00e1n y las \u00e1reas de inteligencia, as\u00ed como al trabajo de monitoreo y seguimiento realizado mediante el Centro de Control y Comando (C2) recientemente implementado en el municipio.<\/p>\n<div class='share-to-whatsapp-wrapper'><div class='share-on-whsp'>Share on: <\/div><a data-text='Sujeto detenido por agredir a una menor con arma blanca en Valladolid' data-link='https:\/\/visionpeninsular.com\/mid\/sujeto-detenido-por-agredir-a-una-menor-con-arma-blanca-en-valladolid\/' class='whatsapp-button whatsapp-share'>WhatsApp<\/a><div class='clear '><\/div><\/div>","protected":false},"excerpt":{"rendered":"<p>M\u00e9rida, 3 de septiembre de 2026.- Elementos de la Polic\u00eda Municipal de Valladolid acudieron para brindar atenci\u00f3n a una menor, identificada \u00fanicamente con las iniciales M.A.P.C., quien fuera lesionada con un arma blanca a &nbsp;fin de salvaguardar su integridad y solicitar la atenci\u00f3n m\u00e9dica correspondiente. El trabajo coordinado entre las corporaciones de seguridad, logr\u00f3 la &hellip;<\/p>\n","protected":false},"author":5,"featured_media":217555,"comment_status":"open","ping_status":"open","sticky":false,"template":"","format":"standard","meta":{"_exactmetrics_skip_tracking":false},"categories":[50,37],"tags":[56197,56195,56196,752,56194,449],"_links":{"self":[{"href":"https:\/\/visionpeninsular.com\/mid\/wp-json\/wp\/v2\/posts\/217553"}],"collection":[{"href":"https:\/\/visionpeninsular.com\/mid\/wp-json\/wp\/v2\/posts"}],"about":[{"href":"https:\/\/visionpeninsular.com\/mid\/wp-json\/wp\/v2\/types\/post"}],"author":[{"embeddable":true,"href":"https:\/\/visionpeninsular.com\/mid\/wp-json\/wp\/v2\/users\/5"}],"replies":[{"embeddable":true,"href":"https:\/\/visionpeninsular.com\/mid\/wp-json\/wp\/v2\/comments?post=217553"}],"version-history":[{"count":1,"href":"https:\/\/visionpeninsular.com\/mid\/wp-json\/wp\/v2\/posts\/217553\/revisions"}],"predecessor-version":[{"id":217556,"href":"https:\/\/visionpeninsular.com\/mid\/wp-json\/wp\/v2\/posts\/217553\/revisions\/217556"}],"wp:featuredmedia":[{"embeddable":true,"href":"https:\/\/visionpeninsular.com\/mid\/wp-json\/wp\/v2\/media\/217555"}],"wp:attachment":[{"href":"https:\/\/visionpeninsular.com\/mid\/wp-json\/wp\/v2\/media?parent=217553"}],"wp:term":[{"taxonomy":"category","embeddable":true,"href":"https:\/\/visionpeninsular.com\/mid\/wp-json\/wp\/v2\/categories?post=217553"},{"taxonomy":"post_tag","embeddable":true,"href":"https:\/\/visionpeninsular.com\/mid\/wp-json\/wp\/v2\/tags?post=217553"}],"curies":[{"name":"wp","href":"https:\/\/api.w.org\/{rel}","templated":true}]}}