{"id":217536,"date":"2026-09-03T15:17:33","date_gmt":"2026-09-03T20:17:33","guid":{"rendered":"https:\/\/visionpeninsular.com\/mid\/?p=217536"},"modified":"2026-09-03T15:22:42","modified_gmt":"2026-09-03T20:22:42","slug":"museo-de-la-ciudad-inaugura-la-exposicion-legado-y-raiz-nuestra-esencia","status":"publish","type":"post","link":"https:\/\/visionpeninsular.com\/mid\/museo-de-la-ciudad-inaugura-la-exposicion-legado-y-raiz-nuestra-esencia\/","title":{"rendered":"Museo de la Ciudad inaugura la exposici\u00f3n \u201cLegado y Ra\u00edz. Nuestra esencia\u201d."},"content":{"rendered":"\n<p>M\u00e9rida, 3 de septiembre de 2026.- El Ayuntamiento de M\u00e9rida, que preside la alcaldesa Cecilia Patr\u00f3n Laviada, a trav\u00e9s de la Direcci\u00f3n de Identidad y Cultura, le invita a la inauguraci\u00f3n de la exposici\u00f3n \u201cLegado y Ra\u00edz. Nuestra esencia\u201d con obras de estudiantes de la&nbsp; Universidad Modelo y la Universidad Iberoamericana de la Ciudad de M\u00e9xico.<\/p>\n\n\n\n<p>El acto se realizar\u00e1 hoy jueves 3 de septiembre, a las 8:00 de la noche. en el Museo de la Ciudad de M\u00e9rida&nbsp; (Galer\u00eda Uno, planta baja)<\/p>\n\n\n\n<p>Direcci\u00f3n: calle 56 #429-A entre 65 y 65A, Col. Centro.,<\/p>\n\n\n\n<figure class=\"wp-block-image size-full\"><img loading=\"lazy\" width=\"300\" height=\"400\" src=\"https:\/\/visionpeninsular.com\/mid\/wp-content\/uploads\/2026\/09\/lindocvestido.jpg\" alt=\"\" class=\"wp-image-217505\" srcset=\"https:\/\/visionpeninsular.com\/mid\/wp-content\/uploads\/2026\/09\/lindocvestido.jpg 300w, https:\/\/visionpeninsular.com\/mid\/wp-content\/uploads\/2026\/09\/lindocvestido-225x300.jpg 225w\" sizes=\"(max-width: 300px) 100vw, 300px\" \/><\/figure>\n\n\n\n<p>La muestra colectiva explora la relaci\u00f3n entre memoria, identidad y creaci\u00f3n contempor\u00e1nea, estableciendo un di\u00e1logo entre las t\u00e9cnicas artesanales de Yucat\u00e1n y el dise\u00f1o de moda actual.<\/p>\n\n\n\n<p><strong>M\u00e9rida Contigo Es Mejor<\/strong><\/p>\n\n\n\n<p><strong>Direcci\u00f3n de Identidad y Cultura<\/strong><\/p>\n<div class='share-to-whatsapp-wrapper'><div class='share-on-whsp'>Share on: <\/div><a data-text='Museo de la Ciudad inaugura la exposici\u00f3n \u201cLegado y Ra\u00edz. Nuestra esencia\u201d.' data-link='https:\/\/visionpeninsular.com\/mid\/museo-de-la-ciudad-inaugura-la-exposicion-legado-y-raiz-nuestra-esencia\/' class='whatsapp-button whatsapp-share'>WhatsApp<\/a><div class='clear '><\/div><\/div>","protected":false},"excerpt":{"rendered":"<p>M\u00e9rida, 3 de septiembre de 2026.- El Ayuntamiento de M\u00e9rida, que preside la alcaldesa Cecilia Patr\u00f3n Laviada, a trav\u00e9s de la Direcci\u00f3n de Identidad y Cultura, le invita a la inauguraci\u00f3n de la exposici\u00f3n \u201cLegado y Ra\u00edz. Nuestra esencia\u201d con obras de estudiantes de la&nbsp; Universidad Modelo y la Universidad Iberoamericana de la Ciudad de &hellip;<\/p>\n","protected":false},"author":5,"featured_media":217539,"comment_status":"open","ping_status":"open","sticky":false,"template":"","format":"standard","meta":{"_exactmetrics_skip_tracking":false},"categories":[49,37],"tags":[41,5668,44748,6572,55891],"_links":{"self":[{"href":"https:\/\/visionpeninsular.com\/mid\/wp-json\/wp\/v2\/posts\/217536"}],"collection":[{"href":"https:\/\/visionpeninsular.com\/mid\/wp-json\/wp\/v2\/posts"}],"about":[{"href":"https:\/\/visionpeninsular.com\/mid\/wp-json\/wp\/v2\/types\/post"}],"author":[{"embeddable":true,"href":"https:\/\/visionpeninsular.com\/mid\/wp-json\/wp\/v2\/users\/5"}],"replies":[{"embeddable":true,"href":"https:\/\/visionpeninsular.com\/mid\/wp-json\/wp\/v2\/comments?post=217536"}],"version-history":[{"count":1,"href":"https:\/\/visionpeninsular.com\/mid\/wp-json\/wp\/v2\/posts\/217536\/revisions"}],"predecessor-version":[{"id":217538,"href":"https:\/\/visionpeninsular.com\/mid\/wp-json\/wp\/v2\/posts\/217536\/revisions\/217538"}],"wp:featuredmedia":[{"embeddable":true,"href":"https:\/\/visionpeninsular.com\/mid\/wp-json\/wp\/v2\/media\/217539"}],"wp:attachment":[{"href":"https:\/\/visionpeninsular.com\/mid\/wp-json\/wp\/v2\/media?parent=217536"}],"wp:term":[{"taxonomy":"category","embeddable":true,"href":"https:\/\/visionpeninsular.com\/mid\/wp-json\/wp\/v2\/categories?post=217536"},{"taxonomy":"post_tag","embeddable":true,"href":"https:\/\/visionpeninsular.com\/mid\/wp-json\/wp\/v2\/tags?post=217536"}],"curies":[{"name":"wp","href":"https:\/\/api.w.org\/{rel}","templated":true}]}}