{"id":217522,"date":"2026-09-02T20:15:54","date_gmt":"2026-09-03T01:15:54","guid":{"rendered":"https:\/\/visionpeninsular.com\/mid\/?p=217522"},"modified":"2026-09-02T20:15:56","modified_gmt":"2026-09-03T01:15:56","slug":"pensando-en-amlo","status":"publish","type":"post","link":"https:\/\/visionpeninsular.com\/mid\/pensando-en-amlo\/","title":{"rendered":"Pensando en AMLO"},"content":{"rendered":"\n<p>Francisco Mart\u00edn Moreno *<\/p>\n\n\n\n<p>Fuente: Diario de Yucat\u00e1n<\/p>\n\n\n\n<p>M\u00e9rida, 2 de septiembre 2026- Como no puedo dejar de ser novelista, me pregunto: \u00bfAMLO ser\u00e1 un hombre feliz y vivir\u00e1 en paz? \u00a1No! \u00bf\u00c9l y sus hijos se sentir\u00e1n a salvo en M\u00e9xico despu\u00e9s de lo acontecido con Maduro? \u00a1No! \u00bfConfiar\u00e1 en Trump? \u00a1No! \u00bfLe tendr\u00e1n sin cuidado las resoluciones judiciales de los tribunales de Brooklyn? \u00a1No! \u00bfDescarta la idea de que la Interpol pudiera emitir una ficha roja para detenerlo a la espera de una extradici\u00f3n? \u00a1No! \u00bfSe ver\u00e1 vestido con el uniforme anaranjado de los presos en EU? \u00a1No!<\/p>\n\n\n\n<p>\u00bfAceptar\u00e1 que nunca nadie lo va a traicionar a pesar de haber llenado de poder, favores y dinero a un sinn\u00famero de pol\u00edticos? \u00a1No! \u00bfConfiar\u00e1 en que sus excolaboradores le guardar\u00e1n lealtad a cualquier precio, o que su estado de salud le ayudar\u00e1 a resistir la adversidad? \u00a1No! \u00bfCreer\u00e1 en el apoyo incondicional de su propio movimiento cuando los gobernadores impuestos por \u00e9l, adem\u00e1s de distintos legisladores, Sheinbaum y gobernaci\u00f3n lo desconocieron al tratar de imponer, de nueva cuenta, a Rocha Moya? \u00a1No!<\/p>\n\n\n\n<p>\u00bfCreer\u00e1 en la honradez de sus hijos muy a pesar de los presuntos delitos en poder de la opini\u00f3n p\u00fablica? \u00a1No! \u00bfSeguir\u00e1 disfrutando una relaci\u00f3n matrimonial intensa y gozosa? \u00a1No! \u00bfConfiar\u00e1 en el g\u00e9nero humano? \u00a1No! \u00bfTendr\u00e1 amigos leales? \u00a1No! \u00bfAceptar\u00e1, en su fuero interno, que su gobierno fue un desastre? \u00a1No! \u00bfLe doler\u00e1 el desabasto de medicinas y la insuficiencia dram\u00e1tica en los servicios p\u00fablicos de salud o se afligir\u00e1 por haber destruido las instituciones republicanas y desperdiciado perversamente el ahorro de los mexicanos? \u00a1No!<\/p>\n\n\n\n<p>Ahora, como jefe m\u00e1ximo, \u00bfvolver\u00e1 a crear el Seguro Popular, o las guarder\u00edas infantiles, o los refugios para mujeres golpeadas, combatir\u00eda ferozmente a los c\u00e1rteles, destruir\u00e1 laboratorios y arrestar\u00e1 a los capos para evitar una intervenci\u00f3n de EU o una devastadora guerra comercial, en lugar de los abrazos y no balazos? \u00a1No!<\/p>\n\n\n\n<p>\u00bfRestaurar\u00e1 la divisi\u00f3n de poderes para reponer el Estado de Derecho y solo as\u00ed estimular el desarrollo econ\u00f3mico y social, antes de que volvamos a resolver nuestras diferencias con las manos? \u00a1No! \u00bfSe arrepentir\u00e1 de haber dividido a los mexicanos entre chairos y fif\u00eds? \u00a1No! \u00bfVolver\u00e1 a crear los organismos aut\u00f3nomos garantes de nuestra democracia como el INE, el Trife, el Inai, el Inegi, la CNDH o dotar\u00e1 a la FGR de una independencia obligatoria? \u00a1No!<\/p>\n\n\n\n<p>\u00bfAdoptar\u00e1, de nueva cuenta, la reforma educativa ejecutada por su antecesor en el cargo, de cuyo nombre no quiero acordarme, o luchar\u00e1 para reestablecer la libertad de expresi\u00f3n, de modo que incontables periodistas, columnistas, comentaristas y polit\u00f3logos vuelvan a los medios de difusi\u00f3n masiva? \u00a1No!<\/p>\n\n\n\n<p>\u00bfEstar\u00e1 pensando en asilarse en la Cuba de sus sue\u00f1os, cuando Trump podr\u00eda apoderarse de dicha isla en cualquier momento? \u00a1No! \u00bfChina, Rusia, Nicaragua o Sud\u00e1frica, le conceder\u00edan asilo sobre la base de que estar\u00edan comprando un problema diplom\u00e1tico? \u00a1No! \u00bfDisfrutar\u00e1 los ahorros obtenidos como producto de su trabajo\u2026? \u00a1No! \u00bfQuisiera visitar el Museo de Arte Moderno en NYC\u2026 para recrear la mirada en obras cl\u00e1sicas del arte universal? \u00a1No! \u00bfEstar\u00e1 leyendo a Cervantes o a Shakespeare, o la vida de Cal\u00edgula o la de Ner\u00f3n? \u00a1No! \u00bfPensar\u00e1 en que Dios y la Virgen de Guadalupe lo van a ayudar y a proteger? \u00a1No!<\/p>\n\n\n\n<p>\u00bfTomar\u00eda las decisiones necesarias para detonar el crecimiento econ\u00f3mico a una tasa m\u00ednima del 2.5%? \u00a1No! \u00bfFomentar\u00eda la certeza jur\u00eddica para atraer a inversionistas y crear empleos, capitalizar a las empresas y generar riqueza? \u00a1No! \u00bfRealizar\u00eda elecciones limpias en el 2027, aun cuando Morena corriera el peligro de perder la mayor\u00eda calificada en el congreso? \u00a1No! \u00bfDejar\u00eda de comprar la voluntad pol\u00edtica del electorado soborn\u00e1ndolo con recursos del erario supuestamente destinados a la educaci\u00f3n, a las obras de infraestructura, a la salud y a la seguridad p\u00fablica, entre otros objetivos constitucionales m\u00e1s? \u00a1No!<\/p>\n\n\n\n<p>\u00bfAplicar\u00eda una purga interna en la 4T para encarcelar a quienes se hubieran hecho de una riqueza inexplicable? \u00a1No!<\/p>\n\n\n\n<p>AMLO fue el peor presidente y es el peor expresidente de la historia de M\u00e9xico, solo comparable con Santa Anna y, por lo visto, est\u00e1 pasando el peor momento de su existencia, pero nada comparable con la cat\u00e1strofe econ\u00f3mica que nos espera si despu\u00e9s de etiquetar como \u201cbasura\u201d a los bonos mexicanos, contin\u00faa la p\u00e9rdida del grado de inversi\u00f3n, con sus terribles consecuencias ya conocidas\u2026<\/p>\n\n\n\n<p>franciscomartinmoreno.com<\/p>\n\n\n\n<p>*Escritor<\/p>\n<div class='share-to-whatsapp-wrapper'><div class='share-on-whsp'>Share on: <\/div><a data-text='Pensando en AMLO' data-link='https:\/\/visionpeninsular.com\/mid\/pensando-en-amlo\/' class='whatsapp-button whatsapp-share'>WhatsApp<\/a><div class='clear '><\/div><\/div>","protected":false},"excerpt":{"rendered":"<p>Francisco Mart\u00edn Moreno * Fuente: Diario de Yucat\u00e1n M\u00e9rida, 2 de septiembre 2026- Como no puedo dejar de ser novelista, me pregunto: \u00bfAMLO ser\u00e1 un hombre feliz y vivir\u00e1 en paz? \u00a1No! \u00bf\u00c9l y sus hijos se sentir\u00e1n a salvo en M\u00e9xico despu\u00e9s de lo acontecido con Maduro? \u00a1No! \u00bfConfiar\u00e1 en Trump? \u00a1No! \u00bfLe tendr\u00e1n &hellip;<\/p>\n","protected":false},"author":5,"featured_media":155047,"comment_status":"open","ping_status":"open","sticky":false,"template":"","format":"standard","meta":{"_exactmetrics_skip_tracking":false},"categories":[44],"tags":[56174,56173,56175],"_links":{"self":[{"href":"https:\/\/visionpeninsular.com\/mid\/wp-json\/wp\/v2\/posts\/217522"}],"collection":[{"href":"https:\/\/visionpeninsular.com\/mid\/wp-json\/wp\/v2\/posts"}],"about":[{"href":"https:\/\/visionpeninsular.com\/mid\/wp-json\/wp\/v2\/types\/post"}],"author":[{"embeddable":true,"href":"https:\/\/visionpeninsular.com\/mid\/wp-json\/wp\/v2\/users\/5"}],"replies":[{"embeddable":true,"href":"https:\/\/visionpeninsular.com\/mid\/wp-json\/wp\/v2\/comments?post=217522"}],"version-history":[{"count":1,"href":"https:\/\/visionpeninsular.com\/mid\/wp-json\/wp\/v2\/posts\/217522\/revisions"}],"predecessor-version":[{"id":217524,"href":"https:\/\/visionpeninsular.com\/mid\/wp-json\/wp\/v2\/posts\/217522\/revisions\/217524"}],"wp:featuredmedia":[{"embeddable":true,"href":"https:\/\/visionpeninsular.com\/mid\/wp-json\/wp\/v2\/media\/155047"}],"wp:attachment":[{"href":"https:\/\/visionpeninsular.com\/mid\/wp-json\/wp\/v2\/media?parent=217522"}],"wp:term":[{"taxonomy":"category","embeddable":true,"href":"https:\/\/visionpeninsular.com\/mid\/wp-json\/wp\/v2\/categories?post=217522"},{"taxonomy":"post_tag","embeddable":true,"href":"https:\/\/visionpeninsular.com\/mid\/wp-json\/wp\/v2\/tags?post=217522"}],"curies":[{"name":"wp","href":"https:\/\/api.w.org\/{rel}","templated":true}]}}