{"id":217518,"date":"2026-09-02T20:07:32","date_gmt":"2026-09-03T01:07:32","guid":{"rendered":"https:\/\/visionpeninsular.com\/mid\/?p=217518"},"modified":"2026-09-02T20:07:33","modified_gmt":"2026-09-03T01:07:33","slug":"mujeres-y-politica-en-jauja-no-hay-personas-desaparecidas","status":"publish","type":"post","link":"https:\/\/visionpeninsular.com\/mid\/mujeres-y-politica-en-jauja-no-hay-personas-desaparecidas\/","title":{"rendered":"Mujeres y Pol\u00edtica\/ En Jauja no hay personas desaparecidas"},"content":{"rendered":"\n<p>Soledad Jarqu\u00edn Edgar<\/p>\n\n\n\n<p>Fuente: Las Caracolas<\/p>\n\n\n\n<p>Oaxaca, 2 de septiembre de 2026.- Un cartel con el rostro de una persona no conocida, su nombre tampoco me suena, a pesar de ello algo me punza en el cuerpo, aunque solo miro y sigo, la pared es un continuo de rostros de personas de todas las edades, sigo mi camino, en pocos minutos viene el olvido.<\/p>\n\n\n\n<p>La ciudad est\u00e1 como siempre, llena de turistas, de personas que van de compras, de gente que entra y sale de las universidades y de otras escuelas, de habituales visitantes a los cajeros autom\u00e1ticos, vuelven a m\u00ed los rostros de los peque\u00f1os carteles tama\u00f1o carta, con nombres desconocidos que se quedaron una cuadra atr\u00e1s. Me doy cuenta de que cada persona est\u00e1 en lo suyo, nadie ve esas fichas de b\u00fasqueda. \u00a1Y nadie, es nadie!<\/p>\n\n\n\n<p>El dolor es ajeno, el dolor es de quien lo padece y de nadie m\u00e1s, por eso do\u00f1a Nadie y don Nadie no miran la pared superficial instalada frente al z\u00f3calo de la ciudad donde los rostros de hombres y mujeres se vuelven puntos infinitos. Pregunto: qu\u00e9 logran ver en el infinito. Yo, nada.<\/p>\n\n\n\n<p>Cuando era ni\u00f1a, hab\u00eda un se\u00f1or adulto que sal\u00eda en la televisi\u00f3n. La impresionante voz del t\u00edo Gambo\u00edn, que confieso vi muy pocas veces, se deten\u00eda de pronto para mostrar los rostros de ni\u00f1os y ni\u00f1as extraviadas, desaparecidas, robadas\u2026 Me quedaba impactada, me preguntaba si esas ni\u00f1as y ni\u00f1os habr\u00edan vuelto a sus casas.<\/p>\n\n\n\n<p>Hace m\u00e1s o menos 20 a\u00f1os desaparecer en M\u00e9xico tom\u00f3 otro rumbo. Porque es verdad siempre han existido personas desaparecidas. Primero, las desapariciones por razones pol\u00edticas, un problema ampliamente visibilizado, guiado como hoy por las mujeres que caminan, que van a las marchas. Lo que empez\u00f3 con el nuevo siglo ha dejado una huella de dolor hondo, el dolor del abandono, porque lo que entienden las familias de las personas desaparecidas lo ignoran las autoridades.<\/p>\n\n\n\n<p>Hay una generaci\u00f3n de periodistas que hicimos notas sobre la violencia provocada por los poderes facticos o caciquiles, que tambi\u00e9n encarcelaban, asesinaban o desaparec\u00edan, de ese punto pasamos a la operaci\u00f3n de los grupos criminales, que convertidos en crimen organizado gozan de total protecci\u00f3n, en cambio. En ambos casos el Estado mexicano sigue operando la misma f\u00f3rmula: criminalizar a las v\u00edctimas, es una estrategia.<\/p>\n\n\n\n<p>Cada rostro plasmado en las fichas tiene una historia sin contar, en M\u00e9xico existen sin presencia m\u00e1s de 130 mil de esas historias, historias que casi nadie escucha. Hay un clamor permanente, madres, hermanas, hijas desesperadas rascando la tierra, recorriendo el pa\u00eds, olfateando a sus hijas e hijos persiguiendo ese olor que se les qued\u00f3 impregnado desde el minuto uno cuando les dieron vida, les pusieron nombre y vieron para ellas y ellos una vida feliz. El otro inconveniente es que muchas veces la tierra no es f\u00e9rtil a su amorosa maternidad.<\/p>\n\n\n\n<p>Un sin embargo m\u00e1s camina en paralelo y cada tanto se cruza: la tierra que rascan se parece un tanto a la sociedad que las rodea, vacunada para no sentir el dolor ajeno. Se olvida por salud mental, dicen algunas personas. \u00bfSer\u00e1 esa la raz\u00f3n por la que la presidenta Claudia Sheinbaum Pardo y sus asesores decidieron desaparecer a los desaparecidos en el segundo informe?<\/p>\n\n\n\n<p>30 de agosto, el d\u00eda especial de cada a\u00f1o, el D\u00eda Internacional de las V\u00edctimas de Desapariciones Forzadas, volvieron a salir, aunque lo hacen cada d\u00eda, volvieron a exigir su localizaci\u00f3n, avances en las investigaciones de las autoridades. Sabemos que casi todas esas pesquisas dolosamente no existen son apenas unas cuantas fojas que contienen una denuncia, una fotograf\u00eda y un nunca m\u00e1s, y si existen, las mujeres con tierra entre las u\u00f1as saben que se hicieron mal y que las autoridades tienen que volver a hacer cada carpeta, eso dice el imaginario de las leyes.<\/p>\n\n\n\n<p>A pesar de los pesares la esperanza nunca muere. Alguna vez encontraran lo que buscan, sue\u00f1an a sus hijas e hijos, se despiertan con la posibilidad de que ese ser\u00e1 el d\u00eda. No es una tarea f\u00e1cil en un pa\u00eds en donde el bienestar se cobra bimestralmente y se deja solas a las mujeres buscadoras, tan solas que entre 2010 y 2026, 27 buscadoras y 18 buscadores (45 en total) fueron v\u00edctimas de ataques: 23 mujeres y 14 hombres fueron asesinados, e igual n\u00famero de hombres y mujeres (4 y 4) est\u00e1n desaparecidas, datos de organismos internacionales.<\/p>\n\n\n\n<p>Desaparecer en M\u00e9xico es desaparecer en todo, excepto por la necedad del periodismo, porque insisto y reclamo las personas desaparecidas y no localizadas tampoco est\u00e1n en el segundo informe de gobierno de la presidenta Claudia Sheinbaum. Como no lo est\u00e1 la palabra feminicidio. Eso no existe. No es casualidad es intencionalidad. En Jauja, donde los homicidios dolosos disminuyeron hasta un 51 por ciento, como asegur\u00f3 la presidenta, no pueden existir tampoco personas desaparecidas.<\/p>\n\n\n\n<figure class=\"wp-block-image size-full\"><img loading=\"lazy\" width=\"500\" height=\"344\" src=\"https:\/\/visionpeninsular.com\/mid\/wp-content\/uploads\/2026\/09\/desaparecidos.jpg\" alt=\"\" class=\"wp-image-217520\" srcset=\"https:\/\/visionpeninsular.com\/mid\/wp-content\/uploads\/2026\/09\/desaparecidos.jpg 500w, https:\/\/visionpeninsular.com\/mid\/wp-content\/uploads\/2026\/09\/desaparecidos-300x206.jpg 300w, https:\/\/visionpeninsular.com\/mid\/wp-content\/uploads\/2026\/09\/desaparecidos-110x75.jpg 110w\" sizes=\"(max-width: 500px) 100vw, 500px\" \/><\/figure>\n\n\n\n<p>Fotograf\u00eda de Carolina Jim\u00e9nez<\/p>\n\n\n\n<p>Por SOLJAR<\/p>\n<div class='share-to-whatsapp-wrapper'><div class='share-on-whsp'>Share on: <\/div><a data-text='Mujeres y Pol\u00edtica\/ En Jauja no hay personas desaparecidas' data-link='https:\/\/visionpeninsular.com\/mid\/mujeres-y-politica-en-jauja-no-hay-personas-desaparecidas\/' class='whatsapp-button whatsapp-share'>WhatsApp<\/a><div class='clear '><\/div><\/div>","protected":false},"excerpt":{"rendered":"<p>Soledad Jarqu\u00edn Edgar Fuente: Las Caracolas Oaxaca, 2 de septiembre de 2026.- Un cartel con el rostro de una persona no conocida, su nombre tampoco me suena, a pesar de ello algo me punza en el cuerpo, aunque solo miro y sigo, la pared es un continuo de rostros de personas de todas las edades, &hellip;<\/p>\n","protected":false},"author":5,"featured_media":201987,"comment_status":"open","ping_status":"open","sticky":false,"template":"","format":"standard","meta":{"_exactmetrics_skip_tracking":false},"categories":[44],"tags":[56171,56172,56170],"_links":{"self":[{"href":"https:\/\/visionpeninsular.com\/mid\/wp-json\/wp\/v2\/posts\/217518"}],"collection":[{"href":"https:\/\/visionpeninsular.com\/mid\/wp-json\/wp\/v2\/posts"}],"about":[{"href":"https:\/\/visionpeninsular.com\/mid\/wp-json\/wp\/v2\/types\/post"}],"author":[{"embeddable":true,"href":"https:\/\/visionpeninsular.com\/mid\/wp-json\/wp\/v2\/users\/5"}],"replies":[{"embeddable":true,"href":"https:\/\/visionpeninsular.com\/mid\/wp-json\/wp\/v2\/comments?post=217518"}],"version-history":[{"count":1,"href":"https:\/\/visionpeninsular.com\/mid\/wp-json\/wp\/v2\/posts\/217518\/revisions"}],"predecessor-version":[{"id":217521,"href":"https:\/\/visionpeninsular.com\/mid\/wp-json\/wp\/v2\/posts\/217518\/revisions\/217521"}],"wp:featuredmedia":[{"embeddable":true,"href":"https:\/\/visionpeninsular.com\/mid\/wp-json\/wp\/v2\/media\/201987"}],"wp:attachment":[{"href":"https:\/\/visionpeninsular.com\/mid\/wp-json\/wp\/v2\/media?parent=217518"}],"wp:term":[{"taxonomy":"category","embeddable":true,"href":"https:\/\/visionpeninsular.com\/mid\/wp-json\/wp\/v2\/categories?post=217518"},{"taxonomy":"post_tag","embeddable":true,"href":"https:\/\/visionpeninsular.com\/mid\/wp-json\/wp\/v2\/tags?post=217518"}],"curies":[{"name":"wp","href":"https:\/\/api.w.org\/{rel}","templated":true}]}}