{"id":21751,"date":"2017-02-26T16:11:04","date_gmt":"2017-02-26T22:11:04","guid":{"rendered":"http:\/\/visionpeninsular.com\/mid\/?p=21751"},"modified":"2017-02-26T16:11:04","modified_gmt":"2017-02-26T22:11:04","slug":"abriran-en-campeche-10-comedores-sedesol","status":"publish","type":"post","link":"https:\/\/visionpeninsular.com\/mid\/abriran-en-campeche-10-comedores-sedesol\/","title":{"rendered":"Abrir\u00e1n en Campeche 10 comedores de Sedesol"},"content":{"rendered":"<p>Al anunciar la apertura de 10 nuevos comedores comunitarios en Campeche, el delegado de la Secretar\u00eda de Desarrollo Social (Sedesol), Christian Castro Bello, destac\u00f3 que de tres municipios que formaban parte de la Cruzada Nacional contra el Hambre, actualmente la estrategia abarca a los 11.<\/p>\n<p>El funcionario federal explic\u00f3 que contar con comedores en localidades que presentan necesidades alimenticias, permitir\u00e1 no solamente combatir el hambre, sino atender otras carencias.<\/p>\n<p>Actualmente, puntualiz\u00f3, en Campeche operan nueve Comedores Comunitarios de Sedesol; siete de ellos se encuentran en las comunidades El Desenga\u00f1o, La Esmeralda, Benito Ju\u00e1rez I, El Naranjo, Miguel de la Madrid (El Pa\u00f1uelo), Miguel Hidalgo y San Juan, del municipio de Candelaria.<\/p>\n<p>Mientras que los otros dos se ubican en las comunidades Plan de Ayala y Chekubul, en el municipio de El Carmen.<\/p>\n<p>Con estos nueve espacios se beneficia a mil 205 personas, entre ellas 477 ni\u00f1as y ni\u00f1os, enfatiz\u00f3 al recordar que el a\u00f1o pasado se destinaron a este programa tres millones 752 mil pesos.<\/p>\n<p>No obstante, el delegado federal destac\u00f3 que es preocupaci\u00f3n del presidente Enrique Pe\u00f1a Nieto, del secretario Jos\u00e9 Meade Kuribre\u00f1a, y del gobernador Rafael Alejandro Moreno C\u00e1rdenas, incrementar el acceso a alimentos a personas con prioridad de atenci\u00f3n, por ello, con su respaldo se abrir\u00e1n 10 nuevos espacios.<\/p>\n<p>Castro Bello record\u00f3 que en fechas pasadas recibi\u00f3 la visita del subsecretario de Desarrollo Social, Francisco Javier Garc\u00eda Bejos, quien reconoci\u00f3 que Campeche es uno de los cinco estados donde ha habido un trabajo coordinado con el Gobierno local.<\/p>\n<div class='share-to-whatsapp-wrapper'><div class='share-on-whsp'>Share on: <\/div><a data-text='Abrir\u00e1n en Campeche 10 comedores de Sedesol' data-link='https:\/\/visionpeninsular.com\/mid\/abriran-en-campeche-10-comedores-sedesol\/' class='whatsapp-button whatsapp-share'>WhatsApp<\/a><div class='clear '><\/div><\/div>","protected":false},"excerpt":{"rendered":"<p>Al anunciar la apertura de 10 nuevos comedores comunitarios en Campeche, el delegado de la Secretar\u00eda de Desarrollo Social (Sedesol), Christian Castro Bello, destac\u00f3 que de tres municipios que formaban parte de la Cruzada Nacional contra el Hambre, actualmente la estrategia abarca a los 11. El funcionario federal explic\u00f3 que contar con comedores en localidades &hellip;<\/p>\n","protected":false},"author":1,"featured_media":21752,"comment_status":"open","ping_status":"open","sticky":false,"template":"","format":"standard","meta":{"_mi_skip_tracking":false},"categories":[45],"tags":[1234],"_links":{"self":[{"href":"https:\/\/visionpeninsular.com\/mid\/wp-json\/wp\/v2\/posts\/21751"}],"collection":[{"href":"https:\/\/visionpeninsular.com\/mid\/wp-json\/wp\/v2\/posts"}],"about":[{"href":"https:\/\/visionpeninsular.com\/mid\/wp-json\/wp\/v2\/types\/post"}],"author":[{"embeddable":true,"href":"https:\/\/visionpeninsular.com\/mid\/wp-json\/wp\/v2\/users\/1"}],"replies":[{"embeddable":true,"href":"https:\/\/visionpeninsular.com\/mid\/wp-json\/wp\/v2\/comments?post=21751"}],"version-history":[{"count":1,"href":"https:\/\/visionpeninsular.com\/mid\/wp-json\/wp\/v2\/posts\/21751\/revisions"}],"predecessor-version":[{"id":21753,"href":"https:\/\/visionpeninsular.com\/mid\/wp-json\/wp\/v2\/posts\/21751\/revisions\/21753"}],"wp:featuredmedia":[{"embeddable":true,"href":"https:\/\/visionpeninsular.com\/mid\/wp-json\/wp\/v2\/media\/21752"}],"wp:attachment":[{"href":"https:\/\/visionpeninsular.com\/mid\/wp-json\/wp\/v2\/media?parent=21751"}],"wp:term":[{"taxonomy":"category","embeddable":true,"href":"https:\/\/visionpeninsular.com\/mid\/wp-json\/wp\/v2\/categories?post=21751"},{"taxonomy":"post_tag","embeddable":true,"href":"https:\/\/visionpeninsular.com\/mid\/wp-json\/wp\/v2\/tags?post=21751"}],"curies":[{"name":"wp","href":"https:\/\/api.w.org\/{rel}","templated":true}]}}