{"id":217498,"date":"2026-09-02T19:18:11","date_gmt":"2026-09-03T00:18:11","guid":{"rendered":"https:\/\/visionpeninsular.com\/mid\/?p=217498"},"modified":"2026-09-02T19:18:13","modified_gmt":"2026-09-03T00:18:13","slug":"nuevo-segmento-sobre-la-diversidad-cultural-mexicana-en-el-videomapping-de-la-peni","status":"publish","type":"post","link":"https:\/\/visionpeninsular.com\/mid\/nuevo-segmento-sobre-la-diversidad-cultural-mexicana-en-el-videomapping-de-la-peni\/","title":{"rendered":"Nuevo segmento sobre la diversidad cultural mexicana en el videomapping de La Peni"},"content":{"rendered":"\n<ul><li><strong><em>Proyecciones todo septiembre, de jueves a domingo, en el parque de La Paz.<\/em><\/strong><\/li><li><strong><em>Llega una exposici\u00f3n colectiva de dise\u00f1o de moda al Museo de la Ciudad.<\/em><\/strong><\/li><\/ul>\n\n\n\n<p>M\u00e9rida, Yucat\u00e1n a 2 de septiembre de 2026.- Inspirado en las m\u00faltiples culturas de M\u00e9xico, el videomapping \u201cM\u00e9rida: Origen y Memoria\u201d estrena este septiembre un nuevo segmento visual en la fachada de La Peni, en el parque de la Paz.<\/p>\n\n\n\n<figure class=\"wp-block-image size-full\"><img loading=\"lazy\" width=\"600\" height=\"380\" src=\"https:\/\/visionpeninsular.com\/mid\/wp-content\/uploads\/2026\/09\/mascaras.jpg\" alt=\"\" class=\"wp-image-217501\" srcset=\"https:\/\/visionpeninsular.com\/mid\/wp-content\/uploads\/2026\/09\/mascaras.jpg 600w, https:\/\/visionpeninsular.com\/mid\/wp-content\/uploads\/2026\/09\/mascaras-300x190.jpg 300w\" sizes=\"(max-width: 600px) 100vw, 600px\" \/><\/figure>\n\n\n\n<p>A esta actividad, se suman experiencias literarias en el Centro Cultural Jos\u00e9 Mart\u00ed, una exposici\u00f3n colectiva de dise\u00f1o de moda y talleres art\u00edsticos de la Temporada Olimpo que enriquecen la cartelera y oferta cultural de M\u00e9rida. Las actividades tienen acceso gratuito.<\/p>\n\n\n\n<figure class=\"wp-block-image size-full\"><img loading=\"lazy\" width=\"600\" height=\"399\" src=\"https:\/\/visionpeninsular.com\/mid\/wp-content\/uploads\/2026\/09\/mayanidad.jpg\" alt=\"\" class=\"wp-image-217502\" srcset=\"https:\/\/visionpeninsular.com\/mid\/wp-content\/uploads\/2026\/09\/mayanidad.jpg 600w, https:\/\/visionpeninsular.com\/mid\/wp-content\/uploads\/2026\/09\/mayanidad-300x200.jpg 300w, https:\/\/visionpeninsular.com\/mid\/wp-content\/uploads\/2026\/09\/mayanidad-310x205.jpg 310w\" sizes=\"(max-width: 600px) 100vw, 600px\" \/><\/figure>\n\n\n\n<p>El nuevo segmento visual \u201cCelebrando la diversidad cultural mexicana\u201d, creaci\u00f3n al igual que el resto del mapping por el artista Luis Ram\u00edrez, est\u00e1 inspirado en las m\u00faltiples culturas de M\u00e9xico, de norte a sur, desde los tlacololeros y maromeros, pasando por los voladores, el bolonch\u00f3n y la danza del venado. As\u00ed, de Sonora a Chiapas, de Guerrero a Veracruz, los colores, formas y fondos de los muchos M\u00e9xicos hacen de nuestra patria un territorio de diversidad, m\u00fasica y bailes animado este mes.<\/p>\n\n\n\n<p>El videomapping completo dura una hora, el segmento especial se puede disfrutar durante los \u00faltimos tres minutos, y se proyecta de jueves a domingo en dos horarios, a las 8:00 y 9:00 de la noche, siempre que impere el buen clima.<\/p>\n\n\n\n<figure class=\"wp-block-image size-full\"><img loading=\"lazy\" width=\"600\" height=\"400\" src=\"https:\/\/visionpeninsular.com\/mid\/wp-content\/uploads\/2026\/09\/vasija.jpg\" alt=\"\" class=\"wp-image-217503\" srcset=\"https:\/\/visionpeninsular.com\/mid\/wp-content\/uploads\/2026\/09\/vasija.jpg 600w, https:\/\/visionpeninsular.com\/mid\/wp-content\/uploads\/2026\/09\/vasija-300x200.jpg 300w\" sizes=\"(max-width: 600px) 100vw, 600px\" \/><\/figure>\n\n\n\n<p>El Centro Cultural Jos\u00e9 Mart\u00ed le apuesta este mes a m\u00e1s experiencias literarias. El jueves 3, el espacio ser\u00e1 sede de la presentaci\u00f3n de la novela \u201cUrak\u00e1n\u201d, del escritor y artista cubano-estadounidense Ra\u00fal Moarquech Ferrera-Balanquet, a las 7 de la noche.<\/p>\n\n\n\n<p>El s\u00e1bado se mantienen en el centro cultural los talleres infantiles, el espacio de Berta Merodio \u201cLa Gallipava\u201d con juegos y lecturas y experimentos para divertirse con la ciencia. Los talleres inician a las 10 de la ma\u00f1ana.<\/p>\n\n\n\n<p>En artes visuales, el Museo de la Ciudad de M\u00e9rida abre este jueves 3, la exposici\u00f3n \u201cLegado y Ra\u00edz\u201d, una propuesta colectiva de piezas de estudiantes de la Universidad Modelo y la Universidad Iberoamericana de la Ciudad de M\u00e9xico.<\/p>\n\n\n\n<figure class=\"wp-block-image size-full\"><img loading=\"lazy\" width=\"300\" height=\"400\" src=\"https:\/\/visionpeninsular.com\/mid\/wp-content\/uploads\/2026\/09\/textiles.jpg\" alt=\"\" class=\"wp-image-217504\" srcset=\"https:\/\/visionpeninsular.com\/mid\/wp-content\/uploads\/2026\/09\/textiles.jpg 300w, https:\/\/visionpeninsular.com\/mid\/wp-content\/uploads\/2026\/09\/textiles-225x300.jpg 225w\" sizes=\"(max-width: 300px) 100vw, 300px\" \/><\/figure>\n\n\n\n<p>A trav\u00e9s de las piezas indumentarias se redescubre la herencia cultural artesanal con textiles \u00fanicos inspirados en la belleza de la naturaleza y el poder de las leyendas mayas. La inauguraci\u00f3n ser\u00e1 a las 8 de la noche, en la Galer\u00eda Uno (planta baja).<\/p>\n\n\n\n<p>En el museo tambi\u00e9n se puede visitar la colecci\u00f3n \u201cEcos\u201d de Raymundo Mart\u00edn, quien recrea y reinterpreta la cer\u00e1mica prehisp\u00e1nica maya a trav\u00e9s de 21 piezas, la cual permanecer\u00e1 expuesta hasta el mes de octubre.<\/p>\n\n\n\n<p>El Centro Cultural del Sur ofrece en su ciclo de cine proyecciones infantiles dedicadas a los animales, con dos funciones vespertinas, el jueves, s\u00e1bado y domingo.<\/p>\n\n\n\n<figure class=\"wp-block-image size-full\"><img loading=\"lazy\" width=\"300\" height=\"400\" src=\"https:\/\/visionpeninsular.com\/mid\/wp-content\/uploads\/2026\/09\/lindocvestido.jpg\" alt=\"\" class=\"wp-image-217505\" srcset=\"https:\/\/visionpeninsular.com\/mid\/wp-content\/uploads\/2026\/09\/lindocvestido.jpg 300w, https:\/\/visionpeninsular.com\/mid\/wp-content\/uploads\/2026\/09\/lindocvestido-225x300.jpg 225w\" sizes=\"(max-width: 300px) 100vw, 300px\" \/><\/figure>\n\n\n\n<p>Esta semana la Temporada Olimpo mantiene su oferta de talleres art\u00edsticos, con acceso gratuito. Con Paulina Esquivel aprender\u00e1s t\u00e9cnicas de interpretaci\u00f3n actuarial y manejo de la ansiedad para adue\u00f1arte del escenario y conectar con la audiencia. mientras que V\u00edctor Basante y Edward Chan compartir\u00e1n herramientas para musicalizar una pieza esc\u00e9nica. Los artistas son beneficiarios de los Fondos Municipales y es necesario inscribirse al correo cultura@merida.gob.mx para participar.<\/p>\n\n\n\n<p>En el sitio www.merida.gob.mx\/cultura se puede consultar la cartelera completa de actividades.<\/p>\n\n\n\n<p><strong>M\u00e9rida Contigo Es Mejor<\/strong><\/p>\n\n\n\n<p><strong>D<\/strong>i<strong>rec<\/strong>ci\u00f3n<strong> de Identidad y Cultura<\/strong><\/p>\n<div class='share-to-whatsapp-wrapper'><div class='share-on-whsp'>Share on: <\/div><a data-text='Nuevo segmento sobre la diversidad cultural mexicana en el videomapping de La Peni' data-link='https:\/\/visionpeninsular.com\/mid\/nuevo-segmento-sobre-la-diversidad-cultural-mexicana-en-el-videomapping-de-la-peni\/' class='whatsapp-button whatsapp-share'>WhatsApp<\/a><div class='clear '><\/div><\/div>","protected":false},"excerpt":{"rendered":"<p>Proyecciones todo septiembre, de jueves a domingo, en el parque de La Paz.Llega una exposici\u00f3n colectiva de dise\u00f1o de moda al Museo de la Ciudad. M\u00e9rida, Yucat\u00e1n a 2 de septiembre de 2026.- Inspirado en las m\u00faltiples culturas de M\u00e9xico, el videomapping \u201cM\u00e9rida: Origen y Memoria\u201d estrena este septiembre un nuevo segmento visual en la &hellip;<\/p>\n","protected":false},"author":5,"featured_media":217500,"comment_status":"open","ping_status":"open","sticky":false,"template":"","format":"standard","meta":{"_exactmetrics_skip_tracking":false},"categories":[49,37],"tags":[41,5668,44748,56165,46051],"_links":{"self":[{"href":"https:\/\/visionpeninsular.com\/mid\/wp-json\/wp\/v2\/posts\/217498"}],"collection":[{"href":"https:\/\/visionpeninsular.com\/mid\/wp-json\/wp\/v2\/posts"}],"about":[{"href":"https:\/\/visionpeninsular.com\/mid\/wp-json\/wp\/v2\/types\/post"}],"author":[{"embeddable":true,"href":"https:\/\/visionpeninsular.com\/mid\/wp-json\/wp\/v2\/users\/5"}],"replies":[{"embeddable":true,"href":"https:\/\/visionpeninsular.com\/mid\/wp-json\/wp\/v2\/comments?post=217498"}],"version-history":[{"count":1,"href":"https:\/\/visionpeninsular.com\/mid\/wp-json\/wp\/v2\/posts\/217498\/revisions"}],"predecessor-version":[{"id":217506,"href":"https:\/\/visionpeninsular.com\/mid\/wp-json\/wp\/v2\/posts\/217498\/revisions\/217506"}],"wp:featuredmedia":[{"embeddable":true,"href":"https:\/\/visionpeninsular.com\/mid\/wp-json\/wp\/v2\/media\/217500"}],"wp:attachment":[{"href":"https:\/\/visionpeninsular.com\/mid\/wp-json\/wp\/v2\/media?parent=217498"}],"wp:term":[{"taxonomy":"category","embeddable":true,"href":"https:\/\/visionpeninsular.com\/mid\/wp-json\/wp\/v2\/categories?post=217498"},{"taxonomy":"post_tag","embeddable":true,"href":"https:\/\/visionpeninsular.com\/mid\/wp-json\/wp\/v2\/tags?post=217498"}],"curies":[{"name":"wp","href":"https:\/\/api.w.org\/{rel}","templated":true}]}}