{"id":217441,"date":"2026-08-31T18:37:37","date_gmt":"2026-08-31T23:37:37","guid":{"rendered":"https:\/\/visionpeninsular.com\/mid\/?p=217441"},"modified":"2026-08-31T18:37:38","modified_gmt":"2026-08-31T23:37:38","slug":"prision-preventiva-para-el-chocolate-por-disparos-en-telchac-pueblo","status":"publish","type":"post","link":"https:\/\/visionpeninsular.com\/mid\/prision-preventiva-para-el-chocolate-por-disparos-en-telchac-pueblo\/","title":{"rendered":"Prisi\u00f3n preventiva para \u201cEl Chocolate\u201d, por disparos en Telchac Pueblo"},"content":{"rendered":"\n<p>M\u00e9rida, 31 de agosto de 2026.- Un hombre identificado como Eduardo Francisco M.P., (a) \u201cEl Chocolate\u201d, fue detenido y enviado a prisi\u00f3n preventiva tras ser acusado de intentar privar de la vida a una persona durante un ataque ocurrido en este municipio.<\/p>\n\n\n\n<p>La Fiscal\u00eda General del Estado (FGE) inform\u00f3 que, luego de ejecutarse una orden de aprehensi\u00f3n, el sujeto fue imputado por los delitos de homicidio en grado de tentativa y da\u00f1o en propiedad ajena.<\/p>\n\n\n\n<p>De acuerdo con la causa penal 515\/2026, los hechos ocurrieron el pasado 22 de agosto, cuando \u201cEl Chocolate\u201d presuntamente atac\u00f3 a la v\u00edctima utilizando una escopeta.<\/p>\n\n\n\n<p>Durante la agresi\u00f3n, el afectado result\u00f3 con lesiones f\u00edsicas, mientras que su veh\u00edculo tambi\u00e9n sufri\u00f3 da\u00f1os provocados por los disparos.<\/p>\n\n\n\n<p>Tras analizar los datos presentados por los fiscales, la autoridad judicial impuso al acusado la medida cautelar de prisi\u00f3n preventiva justificada, por lo que permanecer\u00e1 privado de su libertad mientras contin\u00faa el proceso penal en su contra.<\/p>\n\n\n\n<p>Las investigaciones seguir\u00e1n su curso para esclarecer por completo las circunstancias en las que ocurri\u00f3 el ataque y determinar la responsabilidad del imputado.<\/p>\n<div class='share-to-whatsapp-wrapper'><div class='share-on-whsp'>Share on: <\/div><a data-text='Prisi\u00f3n preventiva para \u201cEl Chocolate\u201d, por disparos en Telchac Pueblo' data-link='https:\/\/visionpeninsular.com\/mid\/prision-preventiva-para-el-chocolate-por-disparos-en-telchac-pueblo\/' class='whatsapp-button whatsapp-share'>WhatsApp<\/a><div class='clear '><\/div><\/div>","protected":false},"excerpt":{"rendered":"<p>M\u00e9rida, 31 de agosto de 2026.- Un hombre identificado como Eduardo Francisco M.P., (a) \u201cEl Chocolate\u201d, fue detenido y enviado a prisi\u00f3n preventiva tras ser acusado de intentar privar de la vida a una persona durante un ataque ocurrido en este municipio. La Fiscal\u00eda General del Estado (FGE) inform\u00f3 que, luego de ejecutarse una orden &hellip;<\/p>\n","protected":false},"author":5,"featured_media":217443,"comment_status":"open","ping_status":"open","sticky":false,"template":"","format":"standard","meta":{"_exactmetrics_skip_tracking":false},"categories":[49,37],"tags":[56145,56146,1115],"_links":{"self":[{"href":"https:\/\/visionpeninsular.com\/mid\/wp-json\/wp\/v2\/posts\/217441"}],"collection":[{"href":"https:\/\/visionpeninsular.com\/mid\/wp-json\/wp\/v2\/posts"}],"about":[{"href":"https:\/\/visionpeninsular.com\/mid\/wp-json\/wp\/v2\/types\/post"}],"author":[{"embeddable":true,"href":"https:\/\/visionpeninsular.com\/mid\/wp-json\/wp\/v2\/users\/5"}],"replies":[{"embeddable":true,"href":"https:\/\/visionpeninsular.com\/mid\/wp-json\/wp\/v2\/comments?post=217441"}],"version-history":[{"count":1,"href":"https:\/\/visionpeninsular.com\/mid\/wp-json\/wp\/v2\/posts\/217441\/revisions"}],"predecessor-version":[{"id":217444,"href":"https:\/\/visionpeninsular.com\/mid\/wp-json\/wp\/v2\/posts\/217441\/revisions\/217444"}],"wp:featuredmedia":[{"embeddable":true,"href":"https:\/\/visionpeninsular.com\/mid\/wp-json\/wp\/v2\/media\/217443"}],"wp:attachment":[{"href":"https:\/\/visionpeninsular.com\/mid\/wp-json\/wp\/v2\/media?parent=217441"}],"wp:term":[{"taxonomy":"category","embeddable":true,"href":"https:\/\/visionpeninsular.com\/mid\/wp-json\/wp\/v2\/categories?post=217441"},{"taxonomy":"post_tag","embeddable":true,"href":"https:\/\/visionpeninsular.com\/mid\/wp-json\/wp\/v2\/tags?post=217441"}],"curies":[{"name":"wp","href":"https:\/\/api.w.org\/{rel}","templated":true}]}}