{"id":217420,"date":"2026-08-31T15:51:00","date_gmt":"2026-08-31T20:51:00","guid":{"rendered":"https:\/\/visionpeninsular.com\/mid\/?p=217420"},"modified":"2026-08-31T15:51:02","modified_gmt":"2026-08-31T20:51:02","slug":"la-verdadera-inequidad","status":"publish","type":"post","link":"https:\/\/visionpeninsular.com\/mid\/la-verdadera-inequidad\/","title":{"rendered":"La verdadera inequidad"},"content":{"rendered":"\n<p>Marco Ba\u00f1os<\/p>\n\n\n\n<p>Fuente: El Sol de M\u00e9xico<\/p>\n\n\n\n<p>M\u00e9rida, 31 de agosto, 2026.- Ser\u00e1 hoy, apenas diez d\u00edas antes del inicio del proceso electoral 2026-2027, cuando Somos tenga la aprobaci\u00f3n formal de su denominaci\u00f3n y emblema modificados por determinaci\u00f3n de las autoridades electorales.<\/p>\n\n\n\n<p>Para el INE la expresi\u00f3n Somos M\u00e9xico implica una apropiaci\u00f3n sem\u00e1ntica de la representaci\u00f3n nacional, mientras que para el Tribunal es una expresi\u00f3n que, al ser de uso com\u00fan, evoca ideas de pertenencia nacional, unidad, solidaridad, identidad colectiva, patriotismo y vinculaci\u00f3n con el pa\u00eds que no cumple con la funci\u00f3n de establecer la funci\u00f3n de individualizaci\u00f3n y caracterizaci\u00f3n del Partido.<\/p>\n\n\n\n<p>Con estos argumentos, que ya forman parte de las interpretaciones estramb\u00f3ticas inventadas por las autoridades electorales, se oblig\u00f3 el cambio de denominaci\u00f3n y caracter\u00edsticas del emblema de Somos M\u00e9xico. Son exigencias que no est\u00e1n en la ley. Sobre el emblema el Tribunal consider\u00f3 que el uso de letras blancas sobre un fondo en color rosa podr\u00eda generar confusi\u00f3n con el emblema de los partidos locales Fuerza por M\u00e9xico fundados por Pedro Haces, as\u00ed que orden\u00f3 modificar la distribuci\u00f3n de los elementos crom\u00e1ticos.<\/p>\n\n\n\n<p>El Tribunal sostiene que la denominaci\u00f3n Somos M\u00e9xico puede resultar inequitativa frente a los dem\u00e1s partidos que deben construir su reconocimiento social con su actuaci\u00f3n, propaganda y presencia p\u00fablica, mientras que Somos se podr\u00eda beneficiar por la utilizaci\u00f3n ordinaria de la expresi\u00f3n y su inclusi\u00f3n en campa\u00f1as publicitarias hechas por empresas, asociaciones civiles, organizaciones deportivas o medios de comunicaci\u00f3n. \u00bfSer\u00e1?<\/p>\n\n\n\n<p>La verdadera inequidad no est\u00e1 en una denominaci\u00f3n partidaria y menos con criterios inveros\u00edmiles, est\u00e1 en otros elementos que son evidentes en la realidad pol\u00edtica del pa\u00eds que todos vemos menos el INE y el Tribunal. La inequidad est\u00e1 en las campa\u00f1as adelantadas de las candidaturas del oficialismo que piden abiertamente el voto ciudadano y utilizan recursos sin l\u00edmite para contratar propaganda en todas sus modalidades, sin la obligaci\u00f3n de reportar el monto de los recursos ejercidos y su origen; est\u00e1 en la negativa sistem\u00e1tica del INE para regular y fiscalizar estos procedimientos; est\u00e1 en las declaraciones expresas de aspirantes morenistas a las gubernaturas que se autorefieren como precandidatos como en Colima o en expresiones de simpatizantes que los mencionan como futuros gobernantes, caso Guerrero.<\/p>\n\n\n\n<p>La inequidad tambi\u00e9n est\u00e1 en las ma\u00f1aneras donde la Presidenta lleg\u00f3 al extremo de presentar extractos de la sentencia que modifica la denominaci\u00f3n y el emblema de Somos. Est\u00e1 en la complacencia de las autoridades que se han negado a comportarse como \u00e1rbitros imparciales de la contienda y est\u00e1 en las constantes modificaciones a normas electorales que inclinan la cancha de competencia a favor de las candidaturas de Morena: como ejemplo, veamos la nueva causal de anulaci\u00f3n de elecciones por intervenci\u00f3n extranjera cuya aplicaci\u00f3n queda abierta para un Tribunal aliado del oficialismo.<\/p>\n\n\n\n<p>M\u00e9xico debe recuperar la institucionalidad democr\u00e1tica que se ha perdido con las asimetr\u00edas generadas deliberadamente por la 4T en todos los flancos electorales del pa\u00eds, volviendo nugatorio el principio de equidad y formalizando ventajas indebidas del oficialismo, que ha logrado convertir el arbitraje electoral en uno de sus principales brazos operativos. Como ciudadanos hag\u00e1monos cargo de que las elecciones de 2027 marcar\u00e1n el rumbo del pa\u00eds en el futuro inmediato, o recuperamos condiciones democr\u00e1ticas o aceptamos vivir una autocracia que avanza en el control de leyes e instituciones y disminuye nuestros derechos.<\/p>\n\n\n\n<p>Profesor en UNAM y UP. Especialista en materia electoral.<\/p>\n\n\n\n<p>@MarcoBanos<\/p>\n<div class='share-to-whatsapp-wrapper'><div class='share-on-whsp'>Share on: <\/div><a data-text='La verdadera inequidad' data-link='https:\/\/visionpeninsular.com\/mid\/la-verdadera-inequidad\/' class='whatsapp-button whatsapp-share'>WhatsApp<\/a><div class='clear '><\/div><\/div>","protected":false},"excerpt":{"rendered":"<p>Marco Ba\u00f1os Fuente: El Sol de M\u00e9xico M\u00e9rida, 31 de agosto, 2026.- Ser\u00e1 hoy, apenas diez d\u00edas antes del inicio del proceso electoral 2026-2027, cuando Somos tenga la aprobaci\u00f3n formal de su denominaci\u00f3n y emblema modificados por determinaci\u00f3n de las autoridades electorales. Para el INE la expresi\u00f3n Somos M\u00e9xico implica una apropiaci\u00f3n sem\u00e1ntica de la &hellip;<\/p>\n","protected":false},"author":5,"featured_media":201987,"comment_status":"open","ping_status":"open","sticky":false,"template":"","format":"standard","meta":{"_exactmetrics_skip_tracking":false},"categories":[44],"tags":[10979,2562,8060],"_links":{"self":[{"href":"https:\/\/visionpeninsular.com\/mid\/wp-json\/wp\/v2\/posts\/217420"}],"collection":[{"href":"https:\/\/visionpeninsular.com\/mid\/wp-json\/wp\/v2\/posts"}],"about":[{"href":"https:\/\/visionpeninsular.com\/mid\/wp-json\/wp\/v2\/types\/post"}],"author":[{"embeddable":true,"href":"https:\/\/visionpeninsular.com\/mid\/wp-json\/wp\/v2\/users\/5"}],"replies":[{"embeddable":true,"href":"https:\/\/visionpeninsular.com\/mid\/wp-json\/wp\/v2\/comments?post=217420"}],"version-history":[{"count":1,"href":"https:\/\/visionpeninsular.com\/mid\/wp-json\/wp\/v2\/posts\/217420\/revisions"}],"predecessor-version":[{"id":217422,"href":"https:\/\/visionpeninsular.com\/mid\/wp-json\/wp\/v2\/posts\/217420\/revisions\/217422"}],"wp:featuredmedia":[{"embeddable":true,"href":"https:\/\/visionpeninsular.com\/mid\/wp-json\/wp\/v2\/media\/201987"}],"wp:attachment":[{"href":"https:\/\/visionpeninsular.com\/mid\/wp-json\/wp\/v2\/media?parent=217420"}],"wp:term":[{"taxonomy":"category","embeddable":true,"href":"https:\/\/visionpeninsular.com\/mid\/wp-json\/wp\/v2\/categories?post=217420"},{"taxonomy":"post_tag","embeddable":true,"href":"https:\/\/visionpeninsular.com\/mid\/wp-json\/wp\/v2\/tags?post=217420"}],"curies":[{"name":"wp","href":"https:\/\/api.w.org\/{rel}","templated":true}]}}