{"id":21342,"date":"2017-02-15T19:46:25","date_gmt":"2017-02-16T01:46:25","guid":{"rendered":"http:\/\/visionpeninsular.com\/mid\/?p=21342"},"modified":"2017-02-15T19:46:25","modified_gmt":"2017-02-16T01:46:25","slug":"mauricio-vila-sin-intenciones-las-elecciones-del-2018-dice","status":"publish","type":"post","link":"https:\/\/visionpeninsular.com\/mid\/mauricio-vila-sin-intenciones-las-elecciones-del-2018-dice\/","title":{"rendered":"Mauricio Vila sin intenciones  para las elecciones del 2018, dice."},"content":{"rendered":"<p>El presidente municipal de M\u00e9rida, Mauricio Vila Dosal, asegur\u00f3  que su compromiso actual se encuentra con la alcald\u00eda de la capital del Estado, y descart\u00f3 estar pensando en las elecciones de 2018; indic\u00f3 que en su administraci\u00f3n se encuentra cerrando la brecha de desigualdad que existe entre \u201cla M\u00e9rida del Norte y la M\u00e9rida del Sur\u201d. <\/p>\n<p>\u201cMi cabeza se encuentra dedicada en que M\u00e9rida siga siendo la mejor ciudad en todo M\u00e9xico y con la mejor calidad de vida, hoy no estoy pensando en el 2018, sino en trabajar y darle resultados a los meridanos que es para lo que estoy\u201d,  puntualiz\u00f3 tajantemente.<\/p>\n<p>Mencion\u00f3 que aunado a los tiempos electorales, la situaci\u00f3n del pa\u00eds exige que sus gobernantes se mantengan enfocados en sus tareas y no con visiones a futuras candidaturas.<\/p>\n<p>\u201cHoy pensamos solamente en trabajar, ya que fuimos elegidos para eso\u201d, precis\u00f3.<\/p>\n<p>Asimismo,  el funcionario record\u00f3 que en su administraci\u00f3n se ha invertido m\u00e1s de mil millones de pesos en infraestructura de la ciudad.<br \/>\n\u201cHemos intervenido parques, repavimentado calles con la finalidad de reducir esa brecha de desigualdad entre las dos M\u00e9ridas  Norte y Sur, esa es la ciudad que queremos la que cuenta con la mejor calidad de vida y la mejor para vivir\u201d,  finaliz\u00f3.<\/p>\n<div class='share-to-whatsapp-wrapper'><div class='share-on-whsp'>Share on: <\/div><a data-text='Mauricio Vila sin intenciones  para las elecciones del 2018, dice.' data-link='https:\/\/visionpeninsular.com\/mid\/mauricio-vila-sin-intenciones-las-elecciones-del-2018-dice\/' class='whatsapp-button whatsapp-share'>WhatsApp<\/a><div class='clear '><\/div><\/div>","protected":false},"excerpt":{"rendered":"<p>El presidente municipal de M\u00e9rida, Mauricio Vila Dosal, asegur\u00f3 que su compromiso actual se encuentra con la alcald\u00eda de la capital del Estado, y descart\u00f3 estar pensando en las elecciones de 2018; indic\u00f3 que en su administraci\u00f3n se encuentra cerrando la brecha de desigualdad que existe entre \u201cla M\u00e9rida del Norte y la M\u00e9rida del &hellip;<\/p>\n","protected":false},"author":5,"featured_media":21343,"comment_status":"open","ping_status":"open","sticky":false,"template":"","format":"standard","meta":{"_mi_skip_tracking":false},"categories":[50],"tags":[2401,5332,5335],"_links":{"self":[{"href":"https:\/\/visionpeninsular.com\/mid\/wp-json\/wp\/v2\/posts\/21342"}],"collection":[{"href":"https:\/\/visionpeninsular.com\/mid\/wp-json\/wp\/v2\/posts"}],"about":[{"href":"https:\/\/visionpeninsular.com\/mid\/wp-json\/wp\/v2\/types\/post"}],"author":[{"embeddable":true,"href":"https:\/\/visionpeninsular.com\/mid\/wp-json\/wp\/v2\/users\/5"}],"replies":[{"embeddable":true,"href":"https:\/\/visionpeninsular.com\/mid\/wp-json\/wp\/v2\/comments?post=21342"}],"version-history":[{"count":1,"href":"https:\/\/visionpeninsular.com\/mid\/wp-json\/wp\/v2\/posts\/21342\/revisions"}],"predecessor-version":[{"id":21344,"href":"https:\/\/visionpeninsular.com\/mid\/wp-json\/wp\/v2\/posts\/21342\/revisions\/21344"}],"wp:featuredmedia":[{"embeddable":true,"href":"https:\/\/visionpeninsular.com\/mid\/wp-json\/wp\/v2\/media\/21343"}],"wp:attachment":[{"href":"https:\/\/visionpeninsular.com\/mid\/wp-json\/wp\/v2\/media?parent=21342"}],"wp:term":[{"taxonomy":"category","embeddable":true,"href":"https:\/\/visionpeninsular.com\/mid\/wp-json\/wp\/v2\/categories?post=21342"},{"taxonomy":"post_tag","embeddable":true,"href":"https:\/\/visionpeninsular.com\/mid\/wp-json\/wp\/v2\/tags?post=21342"}],"curies":[{"name":"wp","href":"https:\/\/api.w.org\/{rel}","templated":true}]}}