{"id":213313,"date":"2026-04-30T18:41:15","date_gmt":"2026-04-30T23:41:15","guid":{"rendered":"https:\/\/visionpeninsular.com\/mid\/?p=213313"},"modified":"2026-04-30T18:41:19","modified_gmt":"2026-04-30T23:41:19","slug":"procivy-previene-ante-las-proximas-lluvias-granizo-y-fuertes-vientos","status":"publish","type":"post","link":"https:\/\/visionpeninsular.com\/mid\/procivy-previene-ante-las-proximas-lluvias-granizo-y-fuertes-vientos\/","title":{"rendered":"PROCIVY previene ante las pr\u00f3ximas lluvias, granizo y fuertes vientos"},"content":{"rendered":"\n<p>M\u00e9rida, 29 de abril, 2026.- Protecci\u00f3n Civil Yucat\u00e1n emite un aviso preventivo ante el incremento en el potencial de lluvias que se registrar\u00e1 en Yucat\u00e1n del s\u00e1bado 2 al martes 5 de mayo, derivado de condiciones atmosf\u00e9ricas inestables.<\/p>\n\n\n\n<p>La Coordinaci\u00f3n Estatal de Protecci\u00f3n Civil (Procivy), advirti\u00f3 que las precipitaciones podr\u00edan estar acompa\u00f1adas de rachas de viento, actividad el\u00e9ctrica e incluso ca\u00edda de granizo en algunas zonas.<\/p>\n\n\n\n<p>El titular de Procivy, Hern\u00e1n Hern\u00e1ndez Rodr\u00edguez, explic\u00f3 que este fen\u00f3meno se debe a la interacci\u00f3n de una vaguada con un sistema frontal en niveles medios y altos de la atm\u00f3sfera.<\/p>\n\n\n\n<p>Adem\u00e1s, a partir del domingo y hasta el martes, se prev\u00e9 el establecimiento de un sistema de baja presi\u00f3n con caracter\u00edsticas estacionarias sobre la regi\u00f3n, lo que favorecer\u00e1 lluvias m\u00e1s persistentes.<\/p>\n\n\n\n<p><strong>Zonas con mayor afectaci\u00f3n<\/strong><\/p>\n\n\n\n<p>De acuerdo con el pron\u00f3stico, los efectos m\u00e1s intensos se sentir\u00e1n en la&nbsp; Regi\u00f3n noreste, Zona centro y Sureste del estado, principalmente durante las tardes y noches, cuando aumentan las condiciones de inestabilidad.<\/p>\n\n\n\n<p>A pesar de las precipitaciones, el ambiente continuar\u00e1 caluroso, con temperaturas m\u00e1ximas que oscilar\u00e1n entre los 33 y 40 grados Celsius, lo que mantendr\u00e1 condiciones t\u00e9rmicas elevadas en gran parte del estado.<\/p>\n\n\n\n<p>Las autoridades alertaron sobre los posibles riesgos ante las Tormentas el\u00e9ctricas, Rachas de viento, Ca\u00edda de granizo en zonas aisladas, Encharcamientos o inundaciones, debido a la combinaci\u00f3n de altas temperaturas en superficie y la din\u00e1mica atmosf\u00e9rica activa.<\/p>\n\n\n\n<p>Por lo tanto, Procivy exhorta a la poblaci\u00f3n a tomar precauciones.<\/p>\n\n\n\n<ul><li>Evitar resguardarse bajo \u00e1rboles o estructuras met\u00e1licas durante tormentas el\u00e9ctricas<\/li><li>No transitar por calles inundadas o con acumulaci\u00f3n de agua<\/li><li>Asegurar techos, l\u00e1minas y objetos que puedan ser desplazados por el viento<\/li><li>Manejar con precauci\u00f3n ante pavimento mojado y baja visibilidad<\/li><li>Mantenerse informado \u00fanicamente por canales oficiales<\/li><\/ul>\n\n\n\n<p><strong>Llamado a la prevenci\u00f3n<\/strong><\/p>\n\n\n\n<p>Las autoridades reiteraron la importancia de mantenerse atentos a los avisos meteorol\u00f3gicos y seguir las recomendaciones, a fin de prevenir riesgos durante este periodo de condiciones clim\u00e1ticas adversas.<\/p>\n<div class='share-to-whatsapp-wrapper'><div class='share-on-whsp'>Share on: <\/div><a data-text='PROCIVY previene ante las pr\u00f3ximas lluvias, granizo y fuertes vientos' data-link='https:\/\/visionpeninsular.com\/mid\/procivy-previene-ante-las-proximas-lluvias-granizo-y-fuertes-vientos\/' class='whatsapp-button whatsapp-share'>WhatsApp<\/a><div class='clear '><\/div><\/div>","protected":false},"excerpt":{"rendered":"<p>M\u00e9rida, 29 de abril, 2026.- Protecci\u00f3n Civil Yucat\u00e1n emite un aviso preventivo ante el incremento en el potencial de lluvias que se registrar\u00e1 en Yucat\u00e1n del s\u00e1bado 2 al martes 5 de mayo, derivado de condiciones atmosf\u00e9ricas inestables. La Coordinaci\u00f3n Estatal de Protecci\u00f3n Civil (Procivy), advirti\u00f3 que las precipitaciones podr\u00edan estar acompa\u00f1adas de rachas de &hellip;<\/p>\n","protected":false},"author":5,"featured_media":213315,"comment_status":"open","ping_status":"open","sticky":false,"template":"","format":"standard","meta":{"_mi_skip_tracking":false},"categories":[49,37],"tags":[54007,54006,462,1835],"_links":{"self":[{"href":"https:\/\/visionpeninsular.com\/mid\/wp-json\/wp\/v2\/posts\/213313"}],"collection":[{"href":"https:\/\/visionpeninsular.com\/mid\/wp-json\/wp\/v2\/posts"}],"about":[{"href":"https:\/\/visionpeninsular.com\/mid\/wp-json\/wp\/v2\/types\/post"}],"author":[{"embeddable":true,"href":"https:\/\/visionpeninsular.com\/mid\/wp-json\/wp\/v2\/users\/5"}],"replies":[{"embeddable":true,"href":"https:\/\/visionpeninsular.com\/mid\/wp-json\/wp\/v2\/comments?post=213313"}],"version-history":[{"count":1,"href":"https:\/\/visionpeninsular.com\/mid\/wp-json\/wp\/v2\/posts\/213313\/revisions"}],"predecessor-version":[{"id":213316,"href":"https:\/\/visionpeninsular.com\/mid\/wp-json\/wp\/v2\/posts\/213313\/revisions\/213316"}],"wp:featuredmedia":[{"embeddable":true,"href":"https:\/\/visionpeninsular.com\/mid\/wp-json\/wp\/v2\/media\/213315"}],"wp:attachment":[{"href":"https:\/\/visionpeninsular.com\/mid\/wp-json\/wp\/v2\/media?parent=213313"}],"wp:term":[{"taxonomy":"category","embeddable":true,"href":"https:\/\/visionpeninsular.com\/mid\/wp-json\/wp\/v2\/categories?post=213313"},{"taxonomy":"post_tag","embeddable":true,"href":"https:\/\/visionpeninsular.com\/mid\/wp-json\/wp\/v2\/tags?post=213313"}],"curies":[{"name":"wp","href":"https:\/\/api.w.org\/{rel}","templated":true}]}}