{"id":213309,"date":"2026-04-30T18:26:25","date_gmt":"2026-04-30T23:26:25","guid":{"rendered":"https:\/\/visionpeninsular.com\/mid\/?p=213309"},"modified":"2026-04-30T18:26:28","modified_gmt":"2026-04-30T23:26:28","slug":"yucatan-sera-la-capital-mundial-de-la-danza-fidy-2026","status":"publish","type":"post","link":"https:\/\/visionpeninsular.com\/mid\/yucatan-sera-la-capital-mundial-de-la-danza-fidy-2026\/","title":{"rendered":"Yucat\u00e1n ser\u00e1 la  Capital Mundial de la Danza. FIDY 2026"},"content":{"rendered":"\n<p>M\u00e9rida, 30 de abril de 2026.- Con la presencia de m\u00e1s de mil j\u00f3venes talentos provenientes de ocho pa\u00edses, se llevar\u00e1 a cabo en Yucat\u00e1n &nbsp;el Festival Internacional de la Danza (FIDY) 2026, que se celebrar\u00e1 del 29 de abril al 4 de mayo con una intensa agenda de talleres, galas y clases magistrales.<\/p>\n\n\n\n<p>El evento, impulsado por la Secretar\u00eda de la Cultura y las Artes (Sedeculta), tendr\u00e1 como sede principal el Teatro Armando Manzanero, reafirmando a Yucat\u00e1n como un referente cultural en Latinoam\u00e9rica.<\/p>\n\n\n\n<p>La titular de Sedeculta, Patricia Mart\u00edn Brice\u00f1o, y la directora del festival, Gabriela Mart\u00ednez de la Portilla, destacaron que el FIDY re\u00fane a m\u00e1s de 120 escuelas de pa\u00edses como M\u00e9xico, Cuba, Estados Unidos, Reino Unido, Argentina, Honduras, Alemania y Canad\u00e1.<\/p>\n\n\n\n<p>El festival no solo impulsa la formaci\u00f3n art\u00edstica, sino que tambi\u00e9n posiciona al estado como uno de los principales escenarios de la danza en la regi\u00f3n.<\/p>\n\n\n\n<p>Durante seis d\u00edas, las y los participantes podr\u00e1n acceder a talleres especializados en ballet, jazz, danza contempor\u00e1nea y jarana, as\u00ed como a clases magistrales, galas danc\u00edsticas as\u00ed como concursos infantiles y juveniles.<\/p>\n\n\n\n<p>As\u00edmismo, se ofrecer\u00e1n becas internacionales que permitir\u00e1n a j\u00f3venes continuar su formaci\u00f3n en el extranjero e integrarse a compa\u00f1\u00edas profesionales.<\/p>\n\n\n\n<p>El FIDY 2026 contar\u00e1 con la presencia de figuras destacadas del American Ballet Theatre Paloma Herrera y Jos\u00e9 Manuel Carre\u00f1o, quienes aportar\u00e1n su experiencia en clases y actividades que enriquecer\u00e1n el nivel del festival.<\/p>\n\n\n\n<p>La funcionaria estatal subray\u00f3 que el FIDY tambi\u00e9n reconoce el papel de las academias privadas de Yucat\u00e1n en la formaci\u00f3n de nuevas generaciones de bailarinas y bailarines.<\/p>\n\n\n\n<p>Adem\u00e1s, participar\u00e1n los &nbsp;grupos folcl\u00f3ricos de la Sedeculta, fortaleciendo la presencia de la identidad cultural yucateca dentro del encuentro internacional.<\/p>\n\n\n\n<p>Por su parte, la directora del festival destac\u00f3 que el objetivo principal del FIDY es motivar a las juventudes a trav\u00e9s del arte:<\/p>\n\n\n\n<p>\u201cLa danza es una gran sanadora del alma y la cultura es base de la sociedad\u201d, expres\u00f3.<\/p>\n\n\n\n<p>El evento tambi\u00e9n incluir\u00e1 un congreso pedag\u00f3gico dirigido a docentes, que llevar\u00e1 el nombre del maestro Tulio de la Rosa, como reconocimiento a su legado en la ense\u00f1anza de la danza.<\/p>\n<div class='share-to-whatsapp-wrapper'><div class='share-on-whsp'>Share on: <\/div><a data-text='Yucat\u00e1n ser\u00e1 la  Capital Mundial de la Danza. FIDY 2026' data-link='https:\/\/visionpeninsular.com\/mid\/yucatan-sera-la-capital-mundial-de-la-danza-fidy-2026\/' class='whatsapp-button whatsapp-share'>WhatsApp<\/a><div class='clear '><\/div><\/div>","protected":false},"excerpt":{"rendered":"<p>M\u00e9rida, 30 de abril de 2026.- Con la presencia de m\u00e1s de mil j\u00f3venes talentos provenientes de ocho pa\u00edses, se llevar\u00e1 a cabo en Yucat\u00e1n &nbsp;el Festival Internacional de la Danza (FIDY) 2026, que se celebrar\u00e1 del 29 de abril al 4 de mayo con una intensa agenda de talleres, galas y clases magistrales. El &hellip;<\/p>\n","protected":false},"author":5,"featured_media":213311,"comment_status":"open","ping_status":"open","sticky":false,"template":"","format":"standard","meta":{"_mi_skip_tracking":false},"categories":[49,37],"tags":[54005,8854,54003,54004],"_links":{"self":[{"href":"https:\/\/visionpeninsular.com\/mid\/wp-json\/wp\/v2\/posts\/213309"}],"collection":[{"href":"https:\/\/visionpeninsular.com\/mid\/wp-json\/wp\/v2\/posts"}],"about":[{"href":"https:\/\/visionpeninsular.com\/mid\/wp-json\/wp\/v2\/types\/post"}],"author":[{"embeddable":true,"href":"https:\/\/visionpeninsular.com\/mid\/wp-json\/wp\/v2\/users\/5"}],"replies":[{"embeddable":true,"href":"https:\/\/visionpeninsular.com\/mid\/wp-json\/wp\/v2\/comments?post=213309"}],"version-history":[{"count":1,"href":"https:\/\/visionpeninsular.com\/mid\/wp-json\/wp\/v2\/posts\/213309\/revisions"}],"predecessor-version":[{"id":213312,"href":"https:\/\/visionpeninsular.com\/mid\/wp-json\/wp\/v2\/posts\/213309\/revisions\/213312"}],"wp:featuredmedia":[{"embeddable":true,"href":"https:\/\/visionpeninsular.com\/mid\/wp-json\/wp\/v2\/media\/213311"}],"wp:attachment":[{"href":"https:\/\/visionpeninsular.com\/mid\/wp-json\/wp\/v2\/media?parent=213309"}],"wp:term":[{"taxonomy":"category","embeddable":true,"href":"https:\/\/visionpeninsular.com\/mid\/wp-json\/wp\/v2\/categories?post=213309"},{"taxonomy":"post_tag","embeddable":true,"href":"https:\/\/visionpeninsular.com\/mid\/wp-json\/wp\/v2\/tags?post=213309"}],"curies":[{"name":"wp","href":"https:\/\/api.w.org\/{rel}","templated":true}]}}