{"id":213295,"date":"2026-04-30T16:19:45","date_gmt":"2026-04-30T21:19:45","guid":{"rendered":"https:\/\/visionpeninsular.com\/mid\/?p=213295"},"modified":"2026-04-30T16:19:48","modified_gmt":"2026-04-30T21:19:48","slug":"merida-ajusta-servicios-el-1-y-5-de-mayo-por-dias-festivos","status":"publish","type":"post","link":"https:\/\/visionpeninsular.com\/mid\/merida-ajusta-servicios-el-1-y-5-de-mayo-por-dias-festivos\/","title":{"rendered":"M\u00e9rida ajusta servicios el 1 y 5 de mayo por d\u00edas festivos"},"content":{"rendered":"\n<p>M\u00e9rida, 30 de abril de 2026.- El Ayuntamiento de M\u00e9rida inform\u00f3 los ajustes en sus servicios durante el 1 de mayo, D\u00eda del Trabajo, y el 5 de mayo, conmemoraci\u00f3n de la Batalla de Puebla. Las oficinas municipales suspender\u00e1n labores ambos d\u00edas, aunque varios servicios esenciales mantendr\u00e1n operaciones.<\/p>\n\n\n\n<p><strong>Atenci\u00f3n ciudadana del Ayuntamiento de M\u00e9rida en d\u00edas festivos<\/strong><\/p>\n\n\n\n<p>Ayuntatel atender\u00e1 llamadas de 8:30 a.m. a 1:30 p.m. El m\u00f3dulo presencial en los bajos del Palacio Municipal permanecer\u00e1 cerrado.<\/p>\n\n\n\n<p>La atenci\u00f3n en l\u00ednea funcionar\u00e1 de 8:30 a.m. a 1:30 p.m. El Chat Ciudadano operar\u00e1 de 9 a.m. a 1 p.m.<\/p>\n\n\n\n<p><strong>Zool\u00f3gicos, museos y servicios culturales<\/strong><\/p>\n\n\n\n<p>El Zool\u00f3gico del Centenario y Animaya cerrar\u00e1n ambos d\u00edas festivos. Los museos y centros culturales tambi\u00e9n suspender\u00e1n actividades.<\/p>\n\n\n\n<p>Los eventos culturales de la Semana Meridana se realizar\u00e1n con normalidad, seg\u00fan inform\u00f3 el municipio.<\/p>\n\n\n\n<p><strong>Servicios esenciales que no se detienen<\/strong><\/p>\n\n\n\n<p>La recolecci\u00f3n de residuos s\u00f3lidos de las empresas Sana, Pamplona, Corbase y Servilimpia mantendr\u00e1 sus horarios habituales. El aseo urbano del primer cuadro de la ciudad operar\u00e1 con personal de guardia.<\/p>\n\n\n\n<p>Las oficinas de Panteones Municipales atender\u00e1n de 8 a.m. a 3 p.m. Los Servicios Funerarios funcionar\u00e1n las 24 horas del d\u00eda.<\/p>\n\n\n\n<p>Para consultar tr\u00e1mites y horarios espec\u00edficos, el Ayuntamiento de M\u00e9rida remite a los ciudadanos a merida.gob.mx.<\/p>\n<div class='share-to-whatsapp-wrapper'><div class='share-on-whsp'>Share on: <\/div><a data-text='M\u00e9rida ajusta servicios el 1 y 5 de mayo por d\u00edas festivos' data-link='https:\/\/visionpeninsular.com\/mid\/merida-ajusta-servicios-el-1-y-5-de-mayo-por-dias-festivos\/' class='whatsapp-button whatsapp-share'>WhatsApp<\/a><div class='clear '><\/div><\/div>","protected":false},"excerpt":{"rendered":"<p>M\u00e9rida, 30 de abril de 2026.- El Ayuntamiento de M\u00e9rida inform\u00f3 los ajustes en sus servicios durante el 1 de mayo, D\u00eda del Trabajo, y el 5 de mayo, conmemoraci\u00f3n de la Batalla de Puebla. Las oficinas municipales suspender\u00e1n labores ambos d\u00edas, aunque varios servicios esenciales mantendr\u00e1n operaciones. Atenci\u00f3n ciudadana del Ayuntamiento de M\u00e9rida en &hellip;<\/p>\n","protected":false},"author":5,"featured_media":213297,"comment_status":"open","ping_status":"open","sticky":false,"template":"","format":"standard","meta":{"_mi_skip_tracking":false},"categories":[49,37],"tags":[53995,41,5668,53996],"_links":{"self":[{"href":"https:\/\/visionpeninsular.com\/mid\/wp-json\/wp\/v2\/posts\/213295"}],"collection":[{"href":"https:\/\/visionpeninsular.com\/mid\/wp-json\/wp\/v2\/posts"}],"about":[{"href":"https:\/\/visionpeninsular.com\/mid\/wp-json\/wp\/v2\/types\/post"}],"author":[{"embeddable":true,"href":"https:\/\/visionpeninsular.com\/mid\/wp-json\/wp\/v2\/users\/5"}],"replies":[{"embeddable":true,"href":"https:\/\/visionpeninsular.com\/mid\/wp-json\/wp\/v2\/comments?post=213295"}],"version-history":[{"count":1,"href":"https:\/\/visionpeninsular.com\/mid\/wp-json\/wp\/v2\/posts\/213295\/revisions"}],"predecessor-version":[{"id":213298,"href":"https:\/\/visionpeninsular.com\/mid\/wp-json\/wp\/v2\/posts\/213295\/revisions\/213298"}],"wp:featuredmedia":[{"embeddable":true,"href":"https:\/\/visionpeninsular.com\/mid\/wp-json\/wp\/v2\/media\/213297"}],"wp:attachment":[{"href":"https:\/\/visionpeninsular.com\/mid\/wp-json\/wp\/v2\/media?parent=213295"}],"wp:term":[{"taxonomy":"category","embeddable":true,"href":"https:\/\/visionpeninsular.com\/mid\/wp-json\/wp\/v2\/categories?post=213295"},{"taxonomy":"post_tag","embeddable":true,"href":"https:\/\/visionpeninsular.com\/mid\/wp-json\/wp\/v2\/tags?post=213295"}],"curies":[{"name":"wp","href":"https:\/\/api.w.org\/{rel}","templated":true}]}}