{"id":213272,"date":"2026-04-29T18:42:42","date_gmt":"2026-04-29T23:42:42","guid":{"rendered":"https:\/\/visionpeninsular.com\/mid\/?p=213272"},"modified":"2026-04-29T18:42:44","modified_gmt":"2026-04-29T23:42:44","slug":"merida-lista-para-disfrutar-la-vispera-y-la-noche-blanca-2026","status":"publish","type":"post","link":"https:\/\/visionpeninsular.com\/mid\/merida-lista-para-disfrutar-la-vispera-y-la-noche-blanca-2026\/","title":{"rendered":"M\u00e9rida lista para disfrutar  \u201cLa V\u00edspera\u201d y \u201cLa Noche Blanca 2026\u201d"},"content":{"rendered":"\n<p>M\u00e9rida, 29 de abril.2026.- M\u00e9rida present\u00f3 el programa de actividades de La V\u00edspera y La Noche Blanca 2026, que se realizar\u00e1n los d\u00edas 22 y 23 de mayo bajo el lema \u201cM\u00e1s de 5 kil\u00f3metros de arte y cultura\u201d.<\/p>\n\n\n\n<p>La presidenta municipal de M\u00e9rida, Cecilia Patr\u00f3n Laviada, encabez\u00f3 el anuncio en el barrio m\u00e1gico de La Ermita y destac\u00f3 que la vig\u00e9sima edici\u00f3n consolidar\u00e1 a La Noche Blanca como uno de los principales referentes culturales del sureste mexicano.<\/p>\n\n\n\n<p>Adem\u00e1s, la alcaldesa se\u00f1al\u00f3 que el Ayuntamiento dise\u00f1\u00f3 estos eventos con justicia social para acercar el arte y la cultura a m\u00e1s zonas de la ciudad. Por ello, invit\u00f3 a las familias a vivir los espacios p\u00fablicos, las calles rehabilitadas y una experiencia cultural completa.<\/p>\n\n\n\n<p><strong>M\u00e1s de mil artistas participar\u00e1n<\/strong><\/p>\n\n\n\n<p>La directora de Identidad y Cultura, Karla Berr\u00f3n C\u00e1mara, acompa\u00f1\u00f3 la presentaci\u00f3n del programa, que incluir\u00e1 210 actividades y la participaci\u00f3n de mil 025 artistas en m\u00e1s de 80 sedes, entre parques, museos, centros culturales, galer\u00edas y foros alternativos.<\/p>\n\n\n\n<p>Asimismo, la cartelera contar\u00e1 con talento local y propuestas nacionales como Selectro ON, que fusiona electr\u00f3nica, rock y mariachi, as\u00ed como Chico Che Chico, agrupaci\u00f3n heredera del legado tropical de Chico Che.<\/p>\n\n\n\n<p>Las actividades tambi\u00e9n llegar\u00e1n a las comisar\u00edas de Chablekal y San Jos\u00e9 Tzal, as\u00ed como a colonias como Miguel Alem\u00e1n y Nora Quintana. De esta manera, el programa fortalecer\u00e1 su car\u00e1cter incluyente y descentralizado.<\/p>\n\n\n\n<p><strong>La V\u00edspera abrir\u00e1 con galer\u00edas y comunidades<\/strong><\/p>\n\n\n\n<p>La jornada comenzar\u00e1 el viernes 22 de mayo con La V\u00edspera, que invitar\u00e1 a recorrer 38 galer\u00edas y espacios independientes. Adem\u00e1s, el programa activar\u00e1 recorridos tem\u00e1ticos en los ejes de La Ermita, Centro y Norte.<\/p>\n\n\n\n<p>Ese mismo d\u00eda, colonias y comisar\u00edas recibir\u00e1n actividades art\u00edsticas, entre ellas la presentaci\u00f3n de Eric \u00c1vila \u201cCuxum\u201d en el parque de la colonia Miguel Alem\u00e1n.<\/p>\n\n\n\n<p><strong>Noche Blanca 2026<\/strong><\/p>\n\n\n\n<p>Tambi\u00e9n, la literatura tendr\u00e1 un espacio especial con la entrega del Premio Internacional de Poes\u00eda Ciudad de M\u00e9rida 2025 al poeta Israel Nicasio \u00c1lvarez, adem\u00e1s de muestras editoriales independientes y la Feria Itinerante del Libro.<\/p>\n\n\n\n<p><strong>Cinco kil\u00f3metros de arte y m\u00fasica<\/strong><\/p>\n\n\n\n<p>El s\u00e1bado 23 de mayo, La Noche Blanca ofrecer\u00e1 seis horas continuas de actividades en un corredor cultural de cinco kil\u00f3metros, desde La Ermita hasta el Monumento a la Patria.<\/p>\n\n\n\n<figure class=\"wp-block-image size-full\"><img loading=\"lazy\" width=\"600\" height=\"400\" src=\"https:\/\/visionpeninsular.com\/mid\/wp-content\/uploads\/2026\/04\/divertidas.jpg\" alt=\"\" class=\"wp-image-213275\" srcset=\"https:\/\/visionpeninsular.com\/mid\/wp-content\/uploads\/2026\/04\/divertidas.jpg 600w, https:\/\/visionpeninsular.com\/mid\/wp-content\/uploads\/2026\/04\/divertidas-300x200.jpg 300w\" sizes=\"(max-width: 600px) 100vw, 600px\" \/><\/figure>\n\n\n\n<p>En la Plaza Grande se instalar\u00e1 el \u201cescenario de la risa\u201d, con talentos yucatecos como Wera Rapera, Chema Flores, Dzerecho y Noch. Adem\u00e1s, el recorrido incluir\u00e1 bazares creativos, intervenciones urbanas, mimos, estatuas vivas, deidades mayas y los Caminantes de la Luna.<\/p>\n\n\n\n<p>La programaci\u00f3n sumar\u00e1 exposiciones, danza, cine, teatro, espect\u00e1culos infantiles, gastronom\u00eda, conciertos de anime, videojuegos y bandas sonoras. Finalmente, la banda Bacilos cerrar\u00e1 la jornada con su propuesta de pop latino. La programaci\u00f3n completa puede consultarse en: merida.gob.mx\/nocheblanca.<\/p>\n<div class='share-to-whatsapp-wrapper'><div class='share-on-whsp'>Share on: <\/div><a data-text='M\u00e9rida lista para disfrutar  \u201cLa V\u00edspera\u201d y \u201cLa Noche Blanca 2026\u201d' data-link='https:\/\/visionpeninsular.com\/mid\/merida-lista-para-disfrutar-la-vispera-y-la-noche-blanca-2026\/' class='whatsapp-button whatsapp-share'>WhatsApp<\/a><div class='clear '><\/div><\/div>","protected":false},"excerpt":{"rendered":"<p>M\u00e9rida, 29 de abril.2026.- M\u00e9rida present\u00f3 el programa de actividades de La V\u00edspera y La Noche Blanca 2026, que se realizar\u00e1n los d\u00edas 22 y 23 de mayo bajo el lema \u201cM\u00e1s de 5 kil\u00f3metros de arte y cultura\u201d. La presidenta municipal de M\u00e9rida, Cecilia Patr\u00f3n Laviada, encabez\u00f3 el anuncio en el barrio m\u00e1gico de &hellip;<\/p>\n","protected":false},"author":5,"featured_media":213274,"comment_status":"open","ping_status":"open","sticky":false,"template":"","format":"standard","meta":{"_mi_skip_tracking":false},"categories":[49,37],"tags":[41,5668,53978,53979,769,33321,53977],"_links":{"self":[{"href":"https:\/\/visionpeninsular.com\/mid\/wp-json\/wp\/v2\/posts\/213272"}],"collection":[{"href":"https:\/\/visionpeninsular.com\/mid\/wp-json\/wp\/v2\/posts"}],"about":[{"href":"https:\/\/visionpeninsular.com\/mid\/wp-json\/wp\/v2\/types\/post"}],"author":[{"embeddable":true,"href":"https:\/\/visionpeninsular.com\/mid\/wp-json\/wp\/v2\/users\/5"}],"replies":[{"embeddable":true,"href":"https:\/\/visionpeninsular.com\/mid\/wp-json\/wp\/v2\/comments?post=213272"}],"version-history":[{"count":1,"href":"https:\/\/visionpeninsular.com\/mid\/wp-json\/wp\/v2\/posts\/213272\/revisions"}],"predecessor-version":[{"id":213276,"href":"https:\/\/visionpeninsular.com\/mid\/wp-json\/wp\/v2\/posts\/213272\/revisions\/213276"}],"wp:featuredmedia":[{"embeddable":true,"href":"https:\/\/visionpeninsular.com\/mid\/wp-json\/wp\/v2\/media\/213274"}],"wp:attachment":[{"href":"https:\/\/visionpeninsular.com\/mid\/wp-json\/wp\/v2\/media?parent=213272"}],"wp:term":[{"taxonomy":"category","embeddable":true,"href":"https:\/\/visionpeninsular.com\/mid\/wp-json\/wp\/v2\/categories?post=213272"},{"taxonomy":"post_tag","embeddable":true,"href":"https:\/\/visionpeninsular.com\/mid\/wp-json\/wp\/v2\/tags?post=213272"}],"curies":[{"name":"wp","href":"https:\/\/api.w.org\/{rel}","templated":true}]}}