{"id":213229,"date":"2026-04-28T13:10:34","date_gmt":"2026-04-28T18:10:34","guid":{"rendered":"https:\/\/visionpeninsular.com\/mid\/?p=213229"},"modified":"2026-04-28T13:10:36","modified_gmt":"2026-04-28T18:10:36","slug":"segey-suspende-clases-el-4-de-mayo-regreso-sera-el-6","status":"publish","type":"post","link":"https:\/\/visionpeninsular.com\/mid\/segey-suspende-clases-el-4-de-mayo-regreso-sera-el-6\/","title":{"rendered":"SEGEY suspende clases el 4 de mayo; regreso ser\u00e1 el 6"},"content":{"rendered":"\n<p>M\u00e9rida, 28 de abril de 2026.- La Secretar\u00eda de Educaci\u00f3n de Yucat\u00e1n (SEGEY) suspendi\u00f3 clases el lunes 4 de mayo en todos los niveles de educaci\u00f3n b\u00e1sica y media superior. La medida abarca planteles p\u00fablicos y privados. El regreso a aulas ser\u00e1 el mi\u00e9rcoles 6 de mayo.<\/p>\n\n\n\n<p><strong>Puente escolar de tres d\u00edas por el 5 de mayo<\/strong><\/p>\n\n\n\n<p>El 5 de mayo es d\u00eda de asueto nacional por la conmemoraci\u00f3n de la Batalla de Puebla. El calendario escolar 2025-2026 ya contemplaba esa fecha como inh\u00e1bil. La suspensi\u00f3n del lunes 4 ampl\u00eda el descanso a tres d\u00edas consecutivos.<\/p>\n\n\n\n<p>La decisi\u00f3n fue anunciada por el gobernador Joaqu\u00edn D\u00edaz Mena y formalizada por la SEGEY mediante comunicado oficial emitido desde M\u00e9rida el 27 de abril de 2026.<\/p>\n\n\n\n<p><strong>Regreso a clases: mi\u00e9rcoles 6 de mayo<\/strong><\/p>\n\n\n\n<p>La autoridad educativa precis\u00f3 que todas las actividades escolares se reanudan el 6 de mayo. La disposici\u00f3n no distingue entre niveles ni sostenimiento del plantel.<\/p>\n\n\n\n<p>La SEGEY se\u00f1al\u00f3 que el puente busca favorecer la convivencia familiar y la activaci\u00f3n del comercio y el turismo en el estado.<\/p>\n<div class='share-to-whatsapp-wrapper'><div class='share-on-whsp'>Share on: <\/div><a data-text='SEGEY suspende clases el 4 de mayo; regreso ser\u00e1 el 6' data-link='https:\/\/visionpeninsular.com\/mid\/segey-suspende-clases-el-4-de-mayo-regreso-sera-el-6\/' class='whatsapp-button whatsapp-share'>WhatsApp<\/a><div class='clear '><\/div><\/div>","protected":false},"excerpt":{"rendered":"<p>M\u00e9rida, 28 de abril de 2026.- La Secretar\u00eda de Educaci\u00f3n de Yucat\u00e1n (SEGEY) suspendi\u00f3 clases el lunes 4 de mayo en todos los niveles de educaci\u00f3n b\u00e1sica y media superior. La medida abarca planteles p\u00fablicos y privados. El regreso a aulas ser\u00e1 el mi\u00e9rcoles 6 de mayo. Puente escolar de tres d\u00edas por el 5 &hellip;<\/p>\n","protected":false},"author":5,"featured_media":213231,"comment_status":"open","ping_status":"open","sticky":false,"template":"","format":"standard","meta":{"_mi_skip_tracking":false},"categories":[49,37],"tags":[185,53948,53949,604],"_links":{"self":[{"href":"https:\/\/visionpeninsular.com\/mid\/wp-json\/wp\/v2\/posts\/213229"}],"collection":[{"href":"https:\/\/visionpeninsular.com\/mid\/wp-json\/wp\/v2\/posts"}],"about":[{"href":"https:\/\/visionpeninsular.com\/mid\/wp-json\/wp\/v2\/types\/post"}],"author":[{"embeddable":true,"href":"https:\/\/visionpeninsular.com\/mid\/wp-json\/wp\/v2\/users\/5"}],"replies":[{"embeddable":true,"href":"https:\/\/visionpeninsular.com\/mid\/wp-json\/wp\/v2\/comments?post=213229"}],"version-history":[{"count":1,"href":"https:\/\/visionpeninsular.com\/mid\/wp-json\/wp\/v2\/posts\/213229\/revisions"}],"predecessor-version":[{"id":213232,"href":"https:\/\/visionpeninsular.com\/mid\/wp-json\/wp\/v2\/posts\/213229\/revisions\/213232"}],"wp:featuredmedia":[{"embeddable":true,"href":"https:\/\/visionpeninsular.com\/mid\/wp-json\/wp\/v2\/media\/213231"}],"wp:attachment":[{"href":"https:\/\/visionpeninsular.com\/mid\/wp-json\/wp\/v2\/media?parent=213229"}],"wp:term":[{"taxonomy":"category","embeddable":true,"href":"https:\/\/visionpeninsular.com\/mid\/wp-json\/wp\/v2\/categories?post=213229"},{"taxonomy":"post_tag","embeddable":true,"href":"https:\/\/visionpeninsular.com\/mid\/wp-json\/wp\/v2\/tags?post=213229"}],"curies":[{"name":"wp","href":"https:\/\/api.w.org\/{rel}","templated":true}]}}