{"id":213218,"date":"2026-04-27T17:36:38","date_gmt":"2026-04-27T22:36:38","guid":{"rendered":"https:\/\/visionpeninsular.com\/mid\/?p=213218"},"modified":"2026-04-27T17:36:40","modified_gmt":"2026-04-27T22:36:40","slug":"mas-de-100-menores-asesinados-y-miles-desplazados-la-infancia-como-territorio-de-la-violencia","status":"publish","type":"post","link":"https:\/\/visionpeninsular.com\/mid\/mas-de-100-menores-asesinados-y-miles-desplazados-la-infancia-como-territorio-de-la-violencia\/","title":{"rendered":"M\u00e1s de 100 menores asesinados y miles desplazados: la infancia como territorio de la violencia"},"content":{"rendered":"\n<p>Por: SemM\u00e9xico<\/p>\n\n\n\n<ul><li><strong><em>Registros extraoficiales documentan al menos 106 ni\u00f1as, ni\u00f1os y adolescentes asesinados en 17 meses<\/em><\/strong><\/li><li><strong><em>La violencia tambi\u00e9n expulsa, rompe familias y transforma la infancia<\/em><\/strong><\/li><\/ul>\n\n\n\n<p>Mario Martini<\/p>\n\n\n\n<p>SemM\u00e9xico\/Paralelo 23, 24 de abril, 2026.- La violencia derivada de la disputa interna del C\u00e1rtel de Sinaloa no s\u00f3lo se mide en homicidios: tambi\u00e9n expulsa, rompe familias y transforma la infancia en un territorio de sobrevivencia.<\/p>\n\n\n\n<p>Registros extraoficiales documentan al menos 106 ni\u00f1as, ni\u00f1os y adolescentes asesinados en 17 meses, desde septiembre de 2024. Algunos murieron en fuego cruzado; otros, en ataques directos contra sus padres y algunos m\u00e1s por cautiverios prolongados.<\/p>\n\n\n\n<p>A este escenario se suma el desplazamiento forzado interno, que obliga a familias completas a abandonar su vida de un d\u00eda para otro.<\/p>\n\n\n\n<p><strong>Parte de guerra<\/strong><\/p>\n\n\n\n<ul><li>M\u00e1s de 100 menores asesinados<\/li><li>Desapariciones sin registro de adolescentes de 13 a 17 a\u00f1os<\/li><li>Reclutamiento y cautiverio forzado documentado<\/li><li>M\u00e1s de 90 adolescentes detenidos por delitos mayores<\/li><li>Infancias del desplazamiento<\/li><\/ul>\n\n\n\n<p>De acuerdo con Jos\u00e9 Carlos Gonz\u00e1lez Alarc\u00f3n, dirigente de la organizaci\u00f3n Human RIGTH M\u00e9xico. el fen\u00f3meno ha escalado en el sur del estado.<\/p>\n\n\n\n<p>Actualmente registran 1,547 familias desplazadas en Mazatl\u00e1n, provenientes de comunidades de Rosario, Concordia y San Ignacio, as\u00ed como de otros estados como Guerrero, Zacatecas y Veracruz.<\/p>\n\n\n\n<p><strong>Ni\u00f1ez afectada<\/strong><\/p>\n\n\n\n<ul><li>El registro incluye:<\/li><li>820 ni\u00f1as y ni\u00f1os<\/li><li>234 adolescentes<\/li><\/ul>\n\n\n\n<p><strong>Entre los casos documentados se reportan:<\/strong><\/p>\n\n\n\n<ul><li>Agresiones f\u00edsicas y sexuales<\/li><li>Dos casos de trata de menores (recuperados)<\/li><li>Menores utilizados en actividades vinculadas a grupos delictivos<\/li><li>Depresi\u00f3n y riesgo suicida<\/li><li>Enfermedades graves, incluido c\u00e1ncer<\/li><li>Trauma severo por exposici\u00f3n a violencia armada<\/li><\/ul>\n\n\n\n<p>Hay menores que no pueden convivir socialmente; el trauma por las bombas los marc\u00f3\u201d.<\/p>\n\n\n\n<figure class=\"wp-block-image size-full\"><img loading=\"lazy\" width=\"400\" height=\"341\" src=\"https:\/\/visionpeninsular.com\/mid\/wp-content\/uploads\/2026\/04\/testimonios.jpg\" alt=\"\" class=\"wp-image-213221\" srcset=\"https:\/\/visionpeninsular.com\/mid\/wp-content\/uploads\/2026\/04\/testimonios.jpg 400w, https:\/\/visionpeninsular.com\/mid\/wp-content\/uploads\/2026\/04\/testimonios-300x256.jpg 300w\" sizes=\"(max-width: 400px) 100vw, 400px\" \/><\/figure>\n\n\n\n<p>Testimonios<\/p>\n\n\n\n<p>Dos ni\u00f1os de la comunidad de El Naranjo, en Concordia, quedaron solos tras el asesinato de sus padres. La familia hab\u00eda aceptado regresar a su comunidad bajo promesas de seguridad. Ya de vuelta, los adultos fueron ejecutados. Los menores fueron enviados en un autob\u00fas desde la sierra hasta la central camionera, sin acompa\u00f1amiento institucional. Desde ah\u00ed, una red civil logr\u00f3 trasladarlos a Sonora. El retorno, en este caso, fue la antesala de la tragedia.<\/p>\n\n\n\n<p><strong>Revictimizaci\u00f3n<\/strong><\/p>\n\n\n\n<p>En otro caso, una mujer desplazada denunci\u00f3 agresiones sexuales y amenazas de muerte contra ella y sus hijas. La carpeta no avanz\u00f3. Tiempo despu\u00e9s, autoridades le solicitaron volver a denunciar porque \u201cno encontraban el expediente\u201d. Ante la revictimizaci\u00f3n y el riesgo, la familia fue reubicada fuera de su comunidad, sin garant\u00edas de justicia. La impunidad no solo detiene los procesos: obliga a huir otra vez.<\/p>\n\n\n\n<p><strong>Dormir entre muertos<\/strong><\/p>\n\n\n\n<p>Uno de los relatos m\u00e1s extremos documenta a un ni\u00f1o desplazado junto a sus hermanos. Su madre fue v\u00edctima de violencia sexual y permaneci\u00f3 retenida durante dos semanas en un cuarto donde hab\u00eda m\u00faltiples cuerpos sin vida, en la zona de Matat\u00e1n. El menor fue rescatado en condiciones cr\u00edticas. Se le habilit\u00f3 un espacio improvisado en una vivienda abandonada; una carretilla funcion\u00f3 como cama. El ni\u00f1o falleci\u00f3 tiempo despu\u00e9s y fue sepultado en el pante\u00f3n de Ur\u00edas. Su caso permanece bajo resguardo por la sensibilidad y el riesgo que implica su exposici\u00f3n.<\/p>\n\n\n\n<figure class=\"wp-block-image size-full\"><img loading=\"lazy\" width=\"400\" height=\"382\" src=\"https:\/\/visionpeninsular.com\/mid\/wp-content\/uploads\/2026\/04\/la-carretilla.jpg\" alt=\"\" class=\"wp-image-213222\" srcset=\"https:\/\/visionpeninsular.com\/mid\/wp-content\/uploads\/2026\/04\/la-carretilla.jpg 400w, https:\/\/visionpeninsular.com\/mid\/wp-content\/uploads\/2026\/04\/la-carretilla-300x287.jpg 300w\" sizes=\"(max-width: 400px) 100vw, 400px\" \/><\/figure>\n\n\n\n<figure class=\"wp-block-image size-full\"><img loading=\"lazy\" width=\"400\" height=\"533\" src=\"https:\/\/visionpeninsular.com\/mid\/wp-content\/uploads\/2026\/04\/carretilla-como-cama.jpg\" alt=\"\" class=\"wp-image-213223\" srcset=\"https:\/\/visionpeninsular.com\/mid\/wp-content\/uploads\/2026\/04\/carretilla-como-cama.jpg 400w, https:\/\/visionpeninsular.com\/mid\/wp-content\/uploads\/2026\/04\/carretilla-como-cama-225x300.jpg 225w\" sizes=\"(max-width: 400px) 100vw, 400px\" \/><\/figure>\n\n\n\n<p><strong>La carretilla como cama; la muerte como destino<\/strong><\/p>\n\n\n\n<p><strong>Denuncias sin respuesta<\/strong><\/p>\n\n\n\n<p>La organizaci\u00f3n reporta 9 denuncias penales sin avance, adem\u00e1s de otros casos que no se denuncian por falta de credibilidad en las autoridades.<\/p>\n\n\n\n<p>Hay m\u00e1s casos que no se denuncian por la falta de confianza en las instancias\u201d, afirma Gonz\u00e1lez Alarc\u00f3n.<\/p>\n\n\n\n<p><strong>Atenci\u00f3n desde la sociedad civil<\/strong><\/p>\n\n\n\n<p>Ante la falta de respuesta institucional suficiente, la asociaci\u00f3n ha intervenido en:<\/p>\n\n\n\n<p>M\u00e1s de 600 menores reinsertados en escuelas en Mazatl\u00e1n<\/p>\n\n\n\n<p>Cerca de 160 cirug\u00edas anuales gestionadas en IMSS, Hospital General y traslados a Culiac\u00e1n y Ciudad de M\u00e9xico<\/p>\n\n\n\n<figure class=\"wp-block-image size-full\"><img loading=\"lazy\" width=\"500\" height=\"375\" src=\"https:\/\/visionpeninsular.com\/mid\/wp-content\/uploads\/2026\/04\/retorno-sin-condiciones.jpg\" alt=\"\" class=\"wp-image-213224\" srcset=\"https:\/\/visionpeninsular.com\/mid\/wp-content\/uploads\/2026\/04\/retorno-sin-condiciones.jpg 500w, https:\/\/visionpeninsular.com\/mid\/wp-content\/uploads\/2026\/04\/retorno-sin-condiciones-300x225.jpg 300w\" sizes=\"(max-width: 500px) 100vw, 500px\" \/><\/figure>\n\n\n\n<p><strong>Retornos sin condiciones de seguridad<\/strong><\/p>\n\n\n\n<p>La organizaci\u00f3n advierte sobre retornos sin garant\u00edas: en comunidades rurales de Sinaloa, como Las Iguanas, se documentaron casos donde familias fueron regresadas sin condiciones m\u00ednimas de seguridad, quedando incomunicadas y atrapadas en medio del conflicto territorial.<\/p>\n\n\n\n<p><strong>Vida cotidiana alterada<\/strong><\/p>\n\n\n\n<p>La infancia en Sinaloa crece bajo condiciones de alerta permanente:<\/p>\n\n\n\n<ul><li>Escuelas con protocolos por balaceras<\/li><li>Suspensi\u00f3n de clases<\/li><li>Aislamiento social<\/li><li>Abandono de espacios p\u00fablicos<\/li><\/ul>\n\n\n\n<p>Estudios acad\u00e9micos advierten efectos como ansiedad, estr\u00e9s postraum\u00e1tico y maduraci\u00f3n acelerada.<\/p>\n\n\n\n<p><strong>Violencia extendida<\/strong><\/p>\n\n\n\n<p>La doctora Jhenny Judith Bernal Arellano, directora del Instituto de Protecci\u00f3n de Personas Defensoras de Derechos Humanos y Periodistas de Sinaloa, advierte que el fen\u00f3meno dej\u00f3 de ser focalizado.<\/p>\n\n\n\n<p>Antes ocurr\u00eda en ciertos estados; hoy se ha extendido. En el caso de Sinaloa, el principal factor del desplazamiento es la violencia\u201d.<\/p>\n\n\n\n<p>Desplazamiento y desaparici\u00f3n<\/p>\n\n\n\n<p>El desplazamiento y la desaparici\u00f3n pueden ir de la mano, pero no son lo mismo\u201d.<\/p>\n\n\n\n<p>Mientras el desplazamiento ocurre por causas externas, la desaparici\u00f3n implica una dimensi\u00f3n m\u00e1s grave vinculada a intervenci\u00f3n de autoridades o actores espec\u00edficos, dice.<\/p>\n\n\n\n<p><strong>Tendencia de la violencia<\/strong><\/p>\n\n\n\n<p>Aunque se ha registrado una ligera disminuci\u00f3n reciente en agresiones a defensores y periodistas, el panorama sigue siendo cr\u00edtico.<\/p>\n\n\n\n<p>Es muy pronto para hablar de una tendencia\u201d.<\/p>\n\n\n\n<p>La expectativa institucional es clara: la violencia continuar\u00e1.<\/p>\n\n\n\n<p><strong>Infancia que narra el miedo<\/strong><\/p>\n\n\n\n<p>En comunidades afectadas, ni\u00f1as y ni\u00f1os expresan la violencia a trav\u00e9s de dibujos, relatos y silencios.<\/p>\n\n\n\n<p>Especialistas identifican:<\/p>\n\n\n\n<ul><li>Normalizaci\u00f3n del riesgo<\/li><li>P\u00e9rdida de la inocencia<\/li><li>Procesamiento temprano del trauma<\/li><\/ul>\n\n\n\n<p>Editorial P23<\/p>\n\n\n\n<p>La violencia en Sinaloa se intensific\u00f3 desde septiembre de 2024, con efectos directos en comunidades rurales. Desde entonces, el desplazamiento interno ha crecido sin una pol\u00edtica p\u00fablica integral, trasladando la responsabilidad a organizaciones civiles y redes de apoyo, mientras las infancias quedan expuesta a efectos prolongados de violencia estructural.<\/p>\n\n\n\n<p>Cuando una familia huye, la infancia tambi\u00e9n se desplaza y fractura. Los datos muestran una crisis sostenida, pero la respuesta institucional sigue siendo fragmentada. Mientras el Estado administra cifras, la ni\u00f1ez absorbe el impacto completo. Y cuando el miedo se vuelve cotidiano, el da\u00f1o deja de ser coyuntural y se convierte en herencia. \u00bfQui\u00e9n est\u00e1 asumiendo esa responsabilidad? Opina.<\/p>\n\n\n\n<p>SEM-P23\/mm<\/p>\n<div class='share-to-whatsapp-wrapper'><div class='share-on-whsp'>Share on: <\/div><a data-text='M\u00e1s de 100 menores asesinados y miles desplazados: la infancia como territorio de la violencia' data-link='https:\/\/visionpeninsular.com\/mid\/mas-de-100-menores-asesinados-y-miles-desplazados-la-infancia-como-territorio-de-la-violencia\/' class='whatsapp-button whatsapp-share'>WhatsApp<\/a><div class='clear '><\/div><\/div>","protected":false},"excerpt":{"rendered":"<p>Por: SemM\u00e9xico Registros extraoficiales documentan al menos 106 ni\u00f1as, ni\u00f1os y adolescentes asesinados en 17 mesesLa violencia tambi\u00e9n expulsa, rompe familias y transforma la infancia Mario Martini SemM\u00e9xico\/Paralelo 23, 24 de abril, 2026.- La violencia derivada de la disputa interna del C\u00e1rtel de Sinaloa no s\u00f3lo se mide en homicidios: tambi\u00e9n expulsa, rompe familias y &hellip;<\/p>\n","protected":false},"author":5,"featured_media":213220,"comment_status":"open","ping_status":"open","sticky":false,"template":"","format":"standard","meta":{"_mi_skip_tracking":false},"categories":[19567],"tags":[53945,53943,53946,53944],"_links":{"self":[{"href":"https:\/\/visionpeninsular.com\/mid\/wp-json\/wp\/v2\/posts\/213218"}],"collection":[{"href":"https:\/\/visionpeninsular.com\/mid\/wp-json\/wp\/v2\/posts"}],"about":[{"href":"https:\/\/visionpeninsular.com\/mid\/wp-json\/wp\/v2\/types\/post"}],"author":[{"embeddable":true,"href":"https:\/\/visionpeninsular.com\/mid\/wp-json\/wp\/v2\/users\/5"}],"replies":[{"embeddable":true,"href":"https:\/\/visionpeninsular.com\/mid\/wp-json\/wp\/v2\/comments?post=213218"}],"version-history":[{"count":1,"href":"https:\/\/visionpeninsular.com\/mid\/wp-json\/wp\/v2\/posts\/213218\/revisions"}],"predecessor-version":[{"id":213225,"href":"https:\/\/visionpeninsular.com\/mid\/wp-json\/wp\/v2\/posts\/213218\/revisions\/213225"}],"wp:featuredmedia":[{"embeddable":true,"href":"https:\/\/visionpeninsular.com\/mid\/wp-json\/wp\/v2\/media\/213220"}],"wp:attachment":[{"href":"https:\/\/visionpeninsular.com\/mid\/wp-json\/wp\/v2\/media?parent=213218"}],"wp:term":[{"taxonomy":"category","embeddable":true,"href":"https:\/\/visionpeninsular.com\/mid\/wp-json\/wp\/v2\/categories?post=213218"},{"taxonomy":"post_tag","embeddable":true,"href":"https:\/\/visionpeninsular.com\/mid\/wp-json\/wp\/v2\/tags?post=213218"}],"curies":[{"name":"wp","href":"https:\/\/api.w.org\/{rel}","templated":true}]}}