{"id":213214,"date":"2026-04-27T17:16:22","date_gmt":"2026-04-27T22:16:22","guid":{"rendered":"https:\/\/visionpeninsular.com\/mid\/?p=213214"},"modified":"2026-04-27T17:16:24","modified_gmt":"2026-04-27T22:16:24","slug":"alto-comisionado-de-la-onu-reconoce-a-la-impunidad-como-el-mayor-problema-en-mexico","status":"publish","type":"post","link":"https:\/\/visionpeninsular.com\/mid\/alto-comisionado-de-la-onu-reconoce-a-la-impunidad-como-el-mayor-problema-en-mexico\/","title":{"rendered":"Alto comisionado de la ONU reconoce a la impunidad como el mayor problema en M\u00e9xico"},"content":{"rendered":"\n<p>Por: SemM\u00e9xico<\/p>\n\n\n\n<ul><li><strong><em>Volker T\u00fcrk afirm\u00f3 que las desapariciones siguen siendo un desaf\u00edo doloroso en M\u00e9xico<\/em><\/strong><\/li><\/ul>\n\n\n\n<p>Montserrat Maldonado<\/p>\n\n\n\n<p>SemM\u00e9xico\/El Sol de M\u00e9xico, Ciudad de M\u00e9xico, 24 de abril, 2026.- La impunidad fue el tema que estuvo presente en todas las conversaciones entre el gobierno mexicano y Volker T\u00fcrk, alto comisionado de las Naciones Unidas para los Derechos Humanos.<\/p>\n\n\n\n<p>En conferencia de prensa, el funcionario asegur\u00f3 que la impunidad fue el mayor reclamo en sus reuniones con el Estado y la sociedad civil.<\/p>\n\n\n\n<p>\u201cExigen que se haga justicia por los cr\u00edmenes y haya procesos de rendici\u00f3n de cuentas, as\u00ed que tambi\u00e9n se incluya el reconocimiento del dolor sufrido y la no repetici\u00f3n\u201d, coment\u00f3.<\/p>\n\n\n\n<p>Desde el Centro Cultural Espa\u00f1a, T\u00fcrk agreg\u00f3 que el combate a la impunidad es el mejor ant\u00eddoto para la inseguridad.<\/p>\n\n\n\n<p>Desapariciones: la crisis en M\u00e9xico<\/p>\n\n\n\n<p>En su intervenci\u00f3n, el alto comisionado afirm\u00f3 que las desapariciones siguen siendo un desaf\u00edo doloroso en M\u00e9xico.<\/p>\n\n\n\n<p>Tras su encuentro con colectivos y familiares de desaparecidos, el alto comisionado se\u00f1al\u00f3 que son ellos quienes lideran esfuerzos por promover rendici\u00f3n de cuentas.<\/p>\n\n\n\n<p>En la CDMX, T\u00fcrk destac\u00f3 que \u201ctodos los familiares son defensores de derechos humanos y tienen una raz\u00f3n a ser atendidos y obtener verdad, justicia, seguridad y protecci\u00f3n\u201d.<\/p>\n\n\n\n<p>En su intervenci\u00f3n, el funcionario resalt\u00f3 que las desapariciones son una tragedia con la que hay que ir m\u00e1s all\u00e1 de opciones pol\u00edticas para que pueda darse un proceso de verdad y de reconocimiento.<\/p>\n\n\n\n<p>En sus cuatro d\u00edas de visita a M\u00e9xico, el comisionado asegur\u00f3 que se reuni\u00f3 con representantes de todo el Estado, as\u00ed como con el \u201camplio abanico de colectivos de v\u00edctimas y de la sociedad civil\u201d.<\/p>\n\n\n\n<p>De acuerdo con su testimonio, la visita a M\u00e9xico fue \u201cmuy fruct\u00edfera que le ha permitido conocer de primera mano los logros y desaf\u00edos que enfrenta el pa\u00eds\u201d.<\/p>\n\n\n\n<p>El secretario de Relaciones Exteriores, Roberto Velasco, el presidente de la Suprema Corte, Hugo Aguilar; la secretaria de Gobernaci\u00f3n, Rosa Icela Rodr\u00edguez; la fiscal general, Ernestina Godoy Ramos; y la presidenta de M\u00e9xico, Claudia Sheinbaum Pardo, fueron algunas de las personas con las que llev\u00f3 a cabo un encuentro.<\/p>\n\n\n\n<p><strong>Violencia en M\u00e9xico debe parar<\/strong><\/p>\n\n\n\n<p>Desde el Centro Cultural Espa\u00f1a, el alto comisionado pidi\u00f3 que la violencia en el pa\u00eds se atienda y pare.<\/p>\n\n\n\n<p>\u201cLa violencia contra periodistas y defensores no cesa. Las mujeres defensoras y reporteras enfrentan riesgos agravados. especialmente cuando investigan al crimen organizado, corrupci\u00f3n y violencia de g\u00e9nero\u201d, agreg\u00f3 T\u00fcrk.<\/p>\n\n\n\n<p>Adem\u00e1s, se\u00f1al\u00f3 que en el pa\u00eds existe un abuso de violaciones a derechos humanos como la presunci\u00f3n de inocencia, por la prisi\u00f3n preventiva oficiosa.<\/p>\n\n\n\n<p>Asimismo, explic\u00f3 que la seguridad p\u00fablica en M\u00e9xico es uno de los retos m\u00e1s complejos.<\/p>\n\n\n\n<p>\u201cLos grupos delictivos organizados contin\u00faan operando en varias partes del pa\u00eds y tiene un impacto significado en los derechos humanos\u201d, comparti\u00f3 el comisionado.<\/p>\n\n\n\n<p>De acuerdo T\u00fcrk, debido a los \u201caltos niveles de corrupci\u00f3n y fragilidad institucional\u201d, es fundamental que las estrategias de seguridad se enfoquen en el fortalecimiento de las instituciones civiles y sean sujetas a mecanismos de rendici\u00f3n de cuentas.<\/p>\n\n\n\n<p>El funcionario recalc\u00f3 que M\u00e9xico ha realizado una amplia reforma del sistema judicial que ha aumentado su representatividad pero que es necesario cuidar que se preserve la independencia de las instituciones judiciales.<\/p>\n\n\n\n<p>\u201cOjal\u00e1 la Corte fortalezca la cercan\u00eda y la transparencia de la actividad judicial y ampl\u00ede el acceso a la justicia. Espero la pr\u00f3xima firma de un acuerdo de cooperaci\u00f3n entre mi oficina y la suprema corte intercambio de buenas pr\u00e1cticas\u201d, dijo T\u00fcrk.<\/p>\n\n\n\n<p>De igual forma precis\u00f3 que \u201ces preocupante y desalientan los niveles persistentes de violencia de g\u00e9nero y los feminicidios\u201d.<\/p>\n\n\n\n<p>\u201cPese a los esfuerzos institucionales, en M\u00e9xico se registra la muerte diaria de siete mujeres; por ello, la pr\u00f3xima ley que busca la homologaci\u00f3n de procesos en casos de feminicidio en todo el pa\u00eds, ser\u00e1 un buen avance\u201d, afirm\u00f3.<\/p>\n\n\n\n<p>El alto comisionado prometi\u00f3 que \u201csu oficina est\u00e1 a disposici\u00f3n de todas y todos en M\u00e9xico\u201d.<\/p>\n\n\n\n<p>SEM-El Sol de M\u00e9xico\/mm<\/p>\n<div class='share-to-whatsapp-wrapper'><div class='share-on-whsp'>Share on: <\/div><a data-text='Alto comisionado de la ONU reconoce a la impunidad como el mayor problema en M\u00e9xico' data-link='https:\/\/visionpeninsular.com\/mid\/alto-comisionado-de-la-onu-reconoce-a-la-impunidad-como-el-mayor-problema-en-mexico\/' class='whatsapp-button whatsapp-share'>WhatsApp<\/a><div class='clear '><\/div><\/div>","protected":false},"excerpt":{"rendered":"<p>Por: SemM\u00e9xico Volker T\u00fcrk afirm\u00f3 que las desapariciones siguen siendo un desaf\u00edo doloroso en M\u00e9xico Montserrat Maldonado SemM\u00e9xico\/El Sol de M\u00e9xico, Ciudad de M\u00e9xico, 24 de abril, 2026.- La impunidad fue el tema que estuvo presente en todas las conversaciones entre el gobierno mexicano y Volker T\u00fcrk, alto comisionado de las Naciones Unidas para los &hellip;<\/p>\n","protected":false},"author":5,"featured_media":213216,"comment_status":"open","ping_status":"open","sticky":false,"template":"","format":"standard","meta":{"_mi_skip_tracking":false},"categories":[19567],"tags":[53941,53942,1249,53939],"_links":{"self":[{"href":"https:\/\/visionpeninsular.com\/mid\/wp-json\/wp\/v2\/posts\/213214"}],"collection":[{"href":"https:\/\/visionpeninsular.com\/mid\/wp-json\/wp\/v2\/posts"}],"about":[{"href":"https:\/\/visionpeninsular.com\/mid\/wp-json\/wp\/v2\/types\/post"}],"author":[{"embeddable":true,"href":"https:\/\/visionpeninsular.com\/mid\/wp-json\/wp\/v2\/users\/5"}],"replies":[{"embeddable":true,"href":"https:\/\/visionpeninsular.com\/mid\/wp-json\/wp\/v2\/comments?post=213214"}],"version-history":[{"count":1,"href":"https:\/\/visionpeninsular.com\/mid\/wp-json\/wp\/v2\/posts\/213214\/revisions"}],"predecessor-version":[{"id":213217,"href":"https:\/\/visionpeninsular.com\/mid\/wp-json\/wp\/v2\/posts\/213214\/revisions\/213217"}],"wp:featuredmedia":[{"embeddable":true,"href":"https:\/\/visionpeninsular.com\/mid\/wp-json\/wp\/v2\/media\/213216"}],"wp:attachment":[{"href":"https:\/\/visionpeninsular.com\/mid\/wp-json\/wp\/v2\/media?parent=213214"}],"wp:term":[{"taxonomy":"category","embeddable":true,"href":"https:\/\/visionpeninsular.com\/mid\/wp-json\/wp\/v2\/categories?post=213214"},{"taxonomy":"post_tag","embeddable":true,"href":"https:\/\/visionpeninsular.com\/mid\/wp-json\/wp\/v2\/tags?post=213214"}],"curies":[{"name":"wp","href":"https:\/\/api.w.org\/{rel}","templated":true}]}}