{"id":213196,"date":"2026-04-27T16:13:02","date_gmt":"2026-04-27T21:13:02","guid":{"rendered":"https:\/\/visionpeninsular.com\/mid\/?p=213196"},"modified":"2026-04-27T16:14:42","modified_gmt":"2026-04-27T21:14:42","slug":"cecilia-patron-da-seguimiento-a-lesionados-tras-accidente-del-trenecito","status":"publish","type":"post","link":"https:\/\/visionpeninsular.com\/mid\/cecilia-patron-da-seguimiento-a-lesionados-tras-accidente-del-trenecito\/","title":{"rendered":"Cecilia Patr\u00f3n da seguimiento a lesionados tras accidente del \u201ctrenecito\u201d"},"content":{"rendered":"\n<p>M\u00e9rida, 27 de abril de 2026.- Durante su informe, la alcaldesa de M\u00e9rida, Cecilia Patr\u00f3n Laviada, inform\u00f3 que se mantiene atenta al estado de salud de las personas que resultaron lesionadas en el accidente donde un \u201ctrenecito\u201d tur\u00edstico se volc\u00f3.<\/p>\n\n\n\n<p>La alcaldesa  se\u00f1al\u00f3 que el maquinista ya fue dado de alta, mientras que la otra persona lesionada presenta una evoluci\u00f3n favorable y se encuentra mucho mejor.<\/p>\n\n\n\n<figure class=\"wp-block-image size-full\"><img loading=\"lazy\" width=\"350\" height=\"417\" src=\"https:\/\/visionpeninsular.com\/mid\/wp-content\/uploads\/2026\/04\/trenecto-cecilia.jpg\" alt=\"\" class=\"wp-image-213200\" srcset=\"https:\/\/visionpeninsular.com\/mid\/wp-content\/uploads\/2026\/04\/trenecto-cecilia.jpg 350w, https:\/\/visionpeninsular.com\/mid\/wp-content\/uploads\/2026\/04\/trenecto-cecilia-252x300.jpg 252w\" sizes=\"(max-width: 350px) 100vw, 350px\" \/><\/figure>\n\n\n\n<p>Asimismo, asegur\u00f3 que se trabajar\u00e1 en revisar los detalles del incidente, con el objetivo de evitar que el \u201ctrenecito\u201d del Parque Zool\u00f3gico del Centenario vuelva a descarrilar, reforzando las medidas de seguridad para los usuarios.<\/p>\n\n\n\n<p>Autoridades municipales contin\u00faan dando seguimiento al caso para garantizar la atenci\u00f3n a los afectados y prevenir situaciones similares.<\/p>\n<div class='share-to-whatsapp-wrapper'><div class='share-on-whsp'>Share on: <\/div><a data-text='Cecilia Patr\u00f3n da seguimiento a lesionados tras accidente del \u201ctrenecito\u201d' data-link='https:\/\/visionpeninsular.com\/mid\/cecilia-patron-da-seguimiento-a-lesionados-tras-accidente-del-trenecito\/' class='whatsapp-button whatsapp-share'>WhatsApp<\/a><div class='clear '><\/div><\/div>","protected":false},"excerpt":{"rendered":"<p>M\u00e9rida, 27 de abril de 2026.- Durante su informe, la alcaldesa de M\u00e9rida, Cecilia Patr\u00f3n Laviada, inform\u00f3 que se mantiene atenta al estado de salud de las personas que resultaron lesionadas en el accidente donde un \u201ctrenecito\u201d tur\u00edstico se volc\u00f3. La alcaldesa se\u00f1al\u00f3 que el maquinista ya fue dado de alta, mientras que la otra &hellip;<\/p>\n","protected":false},"author":5,"featured_media":213013,"comment_status":"open","ping_status":"open","sticky":false,"template":"","format":"standard","meta":{"_mi_skip_tracking":false},"categories":[49,37],"tags":[53927,41,5668,48623,53926],"_links":{"self":[{"href":"https:\/\/visionpeninsular.com\/mid\/wp-json\/wp\/v2\/posts\/213196"}],"collection":[{"href":"https:\/\/visionpeninsular.com\/mid\/wp-json\/wp\/v2\/posts"}],"about":[{"href":"https:\/\/visionpeninsular.com\/mid\/wp-json\/wp\/v2\/types\/post"}],"author":[{"embeddable":true,"href":"https:\/\/visionpeninsular.com\/mid\/wp-json\/wp\/v2\/users\/5"}],"replies":[{"embeddable":true,"href":"https:\/\/visionpeninsular.com\/mid\/wp-json\/wp\/v2\/comments?post=213196"}],"version-history":[{"count":2,"href":"https:\/\/visionpeninsular.com\/mid\/wp-json\/wp\/v2\/posts\/213196\/revisions"}],"predecessor-version":[{"id":213201,"href":"https:\/\/visionpeninsular.com\/mid\/wp-json\/wp\/v2\/posts\/213196\/revisions\/213201"}],"wp:featuredmedia":[{"embeddable":true,"href":"https:\/\/visionpeninsular.com\/mid\/wp-json\/wp\/v2\/media\/213013"}],"wp:attachment":[{"href":"https:\/\/visionpeninsular.com\/mid\/wp-json\/wp\/v2\/media?parent=213196"}],"wp:term":[{"taxonomy":"category","embeddable":true,"href":"https:\/\/visionpeninsular.com\/mid\/wp-json\/wp\/v2\/categories?post=213196"},{"taxonomy":"post_tag","embeddable":true,"href":"https:\/\/visionpeninsular.com\/mid\/wp-json\/wp\/v2\/tags?post=213196"}],"curies":[{"name":"wp","href":"https:\/\/api.w.org\/{rel}","templated":true}]}}