{"id":213189,"date":"2026-04-27T15:56:22","date_gmt":"2026-04-27T20:56:22","guid":{"rendered":"https:\/\/visionpeninsular.com\/mid\/?p=213189"},"modified":"2026-04-27T15:56:25","modified_gmt":"2026-04-27T20:56:25","slug":"vecinos-de-cholul-cierran-calle-y-protestan-por-la-tala-de-arboles","status":"publish","type":"post","link":"https:\/\/visionpeninsular.com\/mid\/vecinos-de-cholul-cierran-calle-y-protestan-por-la-tala-de-arboles\/","title":{"rendered":"Vecinos de Cholul cierran calle y protestan por la tala de \u00e1rboles"},"content":{"rendered":"\n<p>M\u00e9rida, 27 abril, 2026.-&nbsp; Vecinos de la comisar\u00eda de Cholul, al norte de M\u00e9rida, se manifestaron frente a un establecimiento que recientemente fue clausurado, tras una pol\u00e9mica que ha generado inconformidad en la zona.<\/p>\n\n\n\n<p>D\u00edas atr\u00e1s se dio a conocer a trav\u00e9s de redes sociales la tala de al menos siete \u00e1rboles de macul\u00ed, lo que provoc\u00f3 disgusto entre la comunidad, &nbsp;ya que este hecho &nbsp;tendr\u00eda una estrecha relaci\u00f3n con la presunta construcci\u00f3n de una glorieta para facilitar el acceso a una gasolinera en el lugar.<\/p>\n\n\n\n<figure class=\"wp-block-image size-full\"><img loading=\"lazy\" width=\"400\" height=\"339\" src=\"https:\/\/visionpeninsular.com\/mid\/wp-content\/uploads\/2026\/04\/protesta-cholul.jpg\" alt=\"\" class=\"wp-image-213192\" srcset=\"https:\/\/visionpeninsular.com\/mid\/wp-content\/uploads\/2026\/04\/protesta-cholul.jpg 400w, https:\/\/visionpeninsular.com\/mid\/wp-content\/uploads\/2026\/04\/protesta-cholul-300x254.jpg 300w\" sizes=\"(max-width: 400px) 100vw, 400px\" \/><\/figure>\n\n\n\n<p>Los vecinos decidieron alzar la voz y reunirse &nbsp;este lunes para protestar en contra de la posible apertura del establecimiento, asegurando no estar en contra del desarrollo, pero exigen respeto al entorno natural y las \u00e1reas verdes de la ciudad, reiterando |la importancia de conservar los \u00e1rboles, no solo por su valor ambiental, sino tambi\u00e9n por el impacto que tienen en la calidad de vida de quienes habitan en la zona.<\/p>\n\n\n\n<p>Con pancartas y consignas, recalcaron &nbsp;su llamado a las autoridades para que se detengan este tipo de acciones y se priorice la protecci\u00f3n del medio ambiente en M\u00e9rida.<\/p>\n\n\n\n<p>Cabe mencionar que los \u00e1rboles talados fueron plantados por los propios vecinos de la mencionada comisar\u00eda de Cholul.<\/p>\n<div class='share-to-whatsapp-wrapper'><div class='share-on-whsp'>Share on: <\/div><a data-text='Vecinos de Cholul cierran calle y protestan por la tala de \u00e1rboles' data-link='https:\/\/visionpeninsular.com\/mid\/vecinos-de-cholul-cierran-calle-y-protestan-por-la-tala-de-arboles\/' class='whatsapp-button whatsapp-share'>WhatsApp<\/a><div class='clear '><\/div><\/div>","protected":false},"excerpt":{"rendered":"<p>M\u00e9rida, 27 abril, 2026.-&nbsp; Vecinos de la comisar\u00eda de Cholul, al norte de M\u00e9rida, se manifestaron frente a un establecimiento que recientemente fue clausurado, tras una pol\u00e9mica que ha generado inconformidad en la zona. D\u00edas atr\u00e1s se dio a conocer a trav\u00e9s de redes sociales la tala de al menos siete \u00e1rboles de macul\u00ed, lo &hellip;<\/p>\n","protected":false},"author":5,"featured_media":213191,"comment_status":"open","ping_status":"open","sticky":false,"template":"","format":"standard","meta":{"_mi_skip_tracking":false},"categories":[49,37],"tags":[9731,53925,53924,53923],"_links":{"self":[{"href":"https:\/\/visionpeninsular.com\/mid\/wp-json\/wp\/v2\/posts\/213189"}],"collection":[{"href":"https:\/\/visionpeninsular.com\/mid\/wp-json\/wp\/v2\/posts"}],"about":[{"href":"https:\/\/visionpeninsular.com\/mid\/wp-json\/wp\/v2\/types\/post"}],"author":[{"embeddable":true,"href":"https:\/\/visionpeninsular.com\/mid\/wp-json\/wp\/v2\/users\/5"}],"replies":[{"embeddable":true,"href":"https:\/\/visionpeninsular.com\/mid\/wp-json\/wp\/v2\/comments?post=213189"}],"version-history":[{"count":1,"href":"https:\/\/visionpeninsular.com\/mid\/wp-json\/wp\/v2\/posts\/213189\/revisions"}],"predecessor-version":[{"id":213193,"href":"https:\/\/visionpeninsular.com\/mid\/wp-json\/wp\/v2\/posts\/213189\/revisions\/213193"}],"wp:featuredmedia":[{"embeddable":true,"href":"https:\/\/visionpeninsular.com\/mid\/wp-json\/wp\/v2\/media\/213191"}],"wp:attachment":[{"href":"https:\/\/visionpeninsular.com\/mid\/wp-json\/wp\/v2\/media?parent=213189"}],"wp:term":[{"taxonomy":"category","embeddable":true,"href":"https:\/\/visionpeninsular.com\/mid\/wp-json\/wp\/v2\/categories?post=213189"},{"taxonomy":"post_tag","embeddable":true,"href":"https:\/\/visionpeninsular.com\/mid\/wp-json\/wp\/v2\/tags?post=213189"}],"curies":[{"name":"wp","href":"https:\/\/api.w.org\/{rel}","templated":true}]}}