{"id":21286,"date":"2017-02-14T13:22:54","date_gmt":"2017-02-14T19:22:54","guid":{"rendered":"http:\/\/visionpeninsular.com\/mid\/?p=21286"},"modified":"2017-02-14T13:22:54","modified_gmt":"2017-02-14T19:22:54","slug":"trabajadoras-la-segey-ya-cuentan-estancia-infantil","status":"publish","type":"post","link":"https:\/\/visionpeninsular.com\/mid\/trabajadoras-la-segey-ya-cuentan-estancia-infantil\/","title":{"rendered":"Trabajadoras de la SEGEY ya cuentan con estancia infantil"},"content":{"rendered":"<p>\u201cLo m\u00e1s valioso que tenemos son nuestros hijos, por eso en la SEGEY, as\u00ed como los cuidamos desde las escuelas, tambi\u00e9n protegemos a las familias de nuestros trabajadores\u201d, asegur\u00f3 V\u00edctor Caballero Dur\u00e1n, titular de la Secretar\u00eda de Educaci\u00f3n del Estado (SEGEY), al inaugurar la estancia infantil de la dependencia.<\/p>\n<p>Cumpliendo con el compromiso adquirido en mayo de 2016, se abri\u00f3 en el edificio central de la instancia un sitio que albergar\u00e1 a las hijas e hijos de las personas que all\u00ed laboran  y de las que acudan a ella a realizar cualquier tr\u00e1mite.<\/p>\n<p>Luego del corte de list\u00f3n, el secretario explic\u00f3 que la idea surgi\u00f3 despu\u00e9s de escuchar diversas solicitudes de los trabajadores y de ver c\u00f3mo de manera cotidiana hab\u00eda ni\u00f1os que se encontraban por el edificio en espera de que sus mam\u00e1s y pap\u00e1s concluyan su jornada laboral o gesti\u00f3n.<\/p>\n<p>\u201cLo que buscamos es que estas ni\u00f1as y ni\u00f1os tengan un espacio donde jueguen a la vez que aprenden y desarrollen sus capacidades y habilidades, fomentando la lectura, recreaci\u00f3n y sano entretenimiento. A su vez, queremos que sus pap\u00e1s tengan la tranquilidad que sus hijos est\u00e1n en un espacio seguro y puedan concentrarse mejor en sus actividades\u201d, se\u00f1al\u00f3.<\/p>\n<p>La estancia estar\u00e1 dividida en cuatro \u00e1reas. La primera es la de lectura, donde se fomentar\u00e1 este h\u00e1bito individual o grupalmente, as\u00ed como ejercicios de comprensi\u00f3n. Tambi\u00e9n habr\u00e1 un rinc\u00f3n audiovisual y de c\u00f3mputo, que  ser\u00e1 un ambiente confortable para presentar pel\u00edculas infantiles, documentales y videojuegos educativos, con el af\u00e1n de fomentar valores y ampliar el conocimiento general.<\/p>\n<p>De igual manera, los infantes podr\u00e1n encontrar un segmento de juegos  de mesa que favorecer\u00e1n el aprendizaje y el pensamiento l\u00f3gico para desarrollar habilidades mentales, sociales y emocionales. Finalmente, en la zona de arte tendr\u00e1n la oportunidad de utilizar diversos materiales, para estimular la imaginaci\u00f3n y creatividad. Todas las secciones contar\u00e1n con materiales did\u00e1cticos y condiciones higi\u00e9nicas.<\/p>\n<p>\u201cEste es un lugar donde nos divertimos mucho y tambi\u00e9n aprendemos cosas. Tenemos reglas como no gritar, no correr, poner los zapatos en su lugar y tambi\u00e9n debemos obedecer a las maestras. Me gusta mucho bailar y los juegos de la computadora\u201d, coment\u00f3 Paulina, una visitante frecuente de la estancia.<\/p>\n<p>Cabe destacar que la SEGEY cuenta en su edificio central con 185 personas con funciones administrativas, que tienen hijos de entre uno y 12 a\u00f1os, de los cuales el 45 por ciento tiene la necesidad de llevarlos a su trabajo. Por ello, era necesario un sitio seguro y adecuado donde los infantes puedan permanecer despu\u00e9s del horario escolar hasta el t\u00e9rmino de la jornada laboral de sus padres.<\/p>\n<p>Por otro lado, hay m\u00e1s de 30 mil colaboradores entre personal docente y administrativo que en ocasiones acude a la dependencia en compa\u00f1\u00eda de sus hijos para realizar alg\u00fan tr\u00e1mite, por lo que tambi\u00e9n requieren de un lugar seguro para dejarlos.<\/p>\n<p>La estancia infantil funcionar\u00e1 seg\u00fan los d\u00edas h\u00e1biles del calendario escolar vigente, de lunes a viernes en un horario de 8:00 a 18:00 horas. Tendr\u00e1 vinculaci\u00f3n con \u00e1reas como Taller de Material Did\u00e1ctico, Teatro y Literatura Infantil, Biblioteca Interactiva y Bellas Artes, y se realizar\u00e1n actividades complementarias que contribuyan a la educaci\u00f3n integral.<\/p>\n<p>Bolet\u00edn de prensa.<\/p>\n<div class='share-to-whatsapp-wrapper'><div class='share-on-whsp'>Share on: <\/div><a data-text='Trabajadoras de la SEGEY ya cuentan con estancia infantil' data-link='https:\/\/visionpeninsular.com\/mid\/trabajadoras-la-segey-ya-cuentan-estancia-infantil\/' class='whatsapp-button whatsapp-share'>WhatsApp<\/a><div class='clear '><\/div><\/div>","protected":false},"excerpt":{"rendered":"<p>\u201cLo m\u00e1s valioso que tenemos son nuestros hijos, por eso en la SEGEY, as\u00ed como los cuidamos desde las escuelas, tambi\u00e9n protegemos a las familias de nuestros trabajadores\u201d, asegur\u00f3 V\u00edctor Caballero Dur\u00e1n, titular de la Secretar\u00eda de Educaci\u00f3n del Estado (SEGEY), al inaugurar la estancia infantil de la dependencia. Cumpliendo con el compromiso adquirido en &hellip;<\/p>\n","protected":false},"author":5,"featured_media":21287,"comment_status":"open","ping_status":"open","sticky":false,"template":"","format":"standard","meta":{"_mi_skip_tracking":false},"categories":[50],"tags":[5311,5312,604],"_links":{"self":[{"href":"https:\/\/visionpeninsular.com\/mid\/wp-json\/wp\/v2\/posts\/21286"}],"collection":[{"href":"https:\/\/visionpeninsular.com\/mid\/wp-json\/wp\/v2\/posts"}],"about":[{"href":"https:\/\/visionpeninsular.com\/mid\/wp-json\/wp\/v2\/types\/post"}],"author":[{"embeddable":true,"href":"https:\/\/visionpeninsular.com\/mid\/wp-json\/wp\/v2\/users\/5"}],"replies":[{"embeddable":true,"href":"https:\/\/visionpeninsular.com\/mid\/wp-json\/wp\/v2\/comments?post=21286"}],"version-history":[{"count":1,"href":"https:\/\/visionpeninsular.com\/mid\/wp-json\/wp\/v2\/posts\/21286\/revisions"}],"predecessor-version":[{"id":21288,"href":"https:\/\/visionpeninsular.com\/mid\/wp-json\/wp\/v2\/posts\/21286\/revisions\/21288"}],"wp:featuredmedia":[{"embeddable":true,"href":"https:\/\/visionpeninsular.com\/mid\/wp-json\/wp\/v2\/media\/21287"}],"wp:attachment":[{"href":"https:\/\/visionpeninsular.com\/mid\/wp-json\/wp\/v2\/media?parent=21286"}],"wp:term":[{"taxonomy":"category","embeddable":true,"href":"https:\/\/visionpeninsular.com\/mid\/wp-json\/wp\/v2\/categories?post=21286"},{"taxonomy":"post_tag","embeddable":true,"href":"https:\/\/visionpeninsular.com\/mid\/wp-json\/wp\/v2\/tags?post=21286"}],"curies":[{"name":"wp","href":"https:\/\/api.w.org\/{rel}","templated":true}]}}