{"id":212540,"date":"2026-04-06T17:19:49","date_gmt":"2026-04-06T22:19:49","guid":{"rendered":"https:\/\/visionpeninsular.com\/mid\/?p=212540"},"modified":"2026-04-06T17:19:52","modified_gmt":"2026-04-06T22:19:52","slug":"llama-la-alcaldesa-a-navarrete-munoz-a-mostrar-civilidad","status":"publish","type":"post","link":"https:\/\/visionpeninsular.com\/mid\/llama-la-alcaldesa-a-navarrete-munoz-a-mostrar-civilidad\/","title":{"rendered":"Llama la Alcaldesa a Navarrete Mu\u00f1oz a mostrar civilidad"},"content":{"rendered":"\n<p>M\u00e9rida, 6 de abril, 2026.- La alcaldesa de M\u00e9rida, Cecilia Patr\u00f3n Laviada, hizo un llamado a Gonzalo Navarrete Mu\u00f1oz a demostrar civilidad, ante los comentarios mis\u00f3ginos vertidos respecto al nombramiento de Tet\u00e9 M\u00e9zquita como cronista de la Ciudad, desacreditando el trabajo de la Dra. M\u00e9zquita como gestora y promotora cultural e historiadora.<\/p>\n\n\n\n<p>Durante su conferencia semanal, Cecilia exhort\u00f3 a Navarrete a considerar su postura y evitar el golpeteo contra las mujeres y recalc\u00f3 el orgullo&nbsp; de que por primera vez haya dos&nbsp; mujeres cronistas de la Ciudad de M\u00e9rida, Tet\u00e9 M\u00e9zquita e Ileana Beatriz Lara Navarrete, designadas hace algunos d\u00edas por el Cabildo de la Ciudad.<\/p>\n\n\n\n<p>\u201cQue los ojos de las mujeres narren la cr\u00f3nica de esta ciudad, no puede ser vista sin los ojos tambi\u00e9n de las mujeres. Nos sentimos muy orgullosas- Son dos mujeres de M\u00e9rida, dos mujeres con un talento y una trayectoria indiscutible. De verdad estamos muy contentas de que hoy, ya nuestra Ciudad est\u00e9 representada y que las&nbsp; mujeres tengan voz\u201d.<\/p>\n\n\n\n<p>Patr\u00f3n Laviada mencion\u00f3 que en los 30 a\u00f1os que lleva integrado el Consejo de Cronistas, nunca hab\u00eda habido la voz de las mujeres, por lo que hoy, hay puertas abiertas para ellas, porque &nbsp;la cr\u00f3nica ser\u00e1 contada desde su visi\u00f3n.<\/p>\n\n\n\n<p>\u201cHoy, M\u00e9rida es gobernada desde la visi\u00f3n de una mujer y, por lo tanto, seguiremos apoyando la visi\u00f3n de las mujeres. Yo invito a todos los meridanos a seguir civiliz\u00e1ndose. Este es un tema de que todas tengamos espacios y yo estoy convencida de que nosotras y nuestro trabajo van a seguir abriendo puertas para m\u00e1s mujeres\u201d, sostuvo la alcaldesa.<\/p>\n\n\n\n<p>Asimismo, pidi\u00f3 que acaben las posturas machistas y mis\u00f3ginas, ya que es una parte importante del cambio social impulsada por el municipio, la de abrir esos espacios para las mujeres.<\/p>\n\n\n\n<p>\u201cEstamos justo avanzando en que ya no queremos escuchar m\u00e1s golpeteos contra las mujeres. Queremos poder vivir libres, queremos poder desarrollarnos y, sobre todo, reconocer que son mujeres con talento, preparadas, que conocen su ciudad profundamente, que la aman profundamente y que estoy segura que van a narrar y van a hacer la cr\u00f3nica de esta ciudad de manera extraordinaria\u201d, se\u00f1al\u00f3.<\/p>\n\n\n\n<p>Cecilia mencion\u00f3 que en lo personal se siente profundamente orgullosa de que Ileana y Tet\u00e9 sean las primeras mujeres en darnos voz a trav\u00e9s de la cr\u00f3nica.<\/p>\n\n\n\n<p>A pregunta expresa sobre el comentario de Navarrete&nbsp; si esperaba una reacci\u00f3n as\u00ed, respondi\u00f3;<\/p>\n\n\n\n<p>-Nunca, pero hoy estamos celebrando que tenemos mujeres cronistas y seguiremos trabajando para fortalecer a las mujeres.<\/p>\n<div class='share-to-whatsapp-wrapper'><div class='share-on-whsp'>Share on: <\/div><a data-text='Llama la Alcaldesa a Navarrete Mu\u00f1oz a mostrar civilidad' data-link='https:\/\/visionpeninsular.com\/mid\/llama-la-alcaldesa-a-navarrete-munoz-a-mostrar-civilidad\/' class='whatsapp-button whatsapp-share'>WhatsApp<\/a><div class='clear '><\/div><\/div>","protected":false},"excerpt":{"rendered":"<p>M\u00e9rida, 6 de abril, 2026.- La alcaldesa de M\u00e9rida, Cecilia Patr\u00f3n Laviada, hizo un llamado a Gonzalo Navarrete Mu\u00f1oz a demostrar civilidad, ante los comentarios mis\u00f3ginos vertidos respecto al nombramiento de Tet\u00e9 M\u00e9zquita como cronista de la Ciudad, desacreditando el trabajo de la Dra. M\u00e9zquita como gestora y promotora cultural e historiadora. Durante su conferencia &hellip;<\/p>\n","protected":false},"author":5,"featured_media":212542,"comment_status":"open","ping_status":"open","sticky":false,"template":"","format":"standard","meta":{"_mi_skip_tracking":false},"categories":[49,37],"tags":[41,5668,53531,53532,53533],"_links":{"self":[{"href":"https:\/\/visionpeninsular.com\/mid\/wp-json\/wp\/v2\/posts\/212540"}],"collection":[{"href":"https:\/\/visionpeninsular.com\/mid\/wp-json\/wp\/v2\/posts"}],"about":[{"href":"https:\/\/visionpeninsular.com\/mid\/wp-json\/wp\/v2\/types\/post"}],"author":[{"embeddable":true,"href":"https:\/\/visionpeninsular.com\/mid\/wp-json\/wp\/v2\/users\/5"}],"replies":[{"embeddable":true,"href":"https:\/\/visionpeninsular.com\/mid\/wp-json\/wp\/v2\/comments?post=212540"}],"version-history":[{"count":1,"href":"https:\/\/visionpeninsular.com\/mid\/wp-json\/wp\/v2\/posts\/212540\/revisions"}],"predecessor-version":[{"id":212543,"href":"https:\/\/visionpeninsular.com\/mid\/wp-json\/wp\/v2\/posts\/212540\/revisions\/212543"}],"wp:featuredmedia":[{"embeddable":true,"href":"https:\/\/visionpeninsular.com\/mid\/wp-json\/wp\/v2\/media\/212542"}],"wp:attachment":[{"href":"https:\/\/visionpeninsular.com\/mid\/wp-json\/wp\/v2\/media?parent=212540"}],"wp:term":[{"taxonomy":"category","embeddable":true,"href":"https:\/\/visionpeninsular.com\/mid\/wp-json\/wp\/v2\/categories?post=212540"},{"taxonomy":"post_tag","embeddable":true,"href":"https:\/\/visionpeninsular.com\/mid\/wp-json\/wp\/v2\/tags?post=212540"}],"curies":[{"name":"wp","href":"https:\/\/api.w.org\/{rel}","templated":true}]}}