{"id":212496,"date":"2026-04-02T19:50:55","date_gmt":"2026-04-03T01:50:55","guid":{"rendered":"https:\/\/visionpeninsular.com\/mid\/?p=212496"},"modified":"2026-04-02T19:51:01","modified_gmt":"2026-04-03T01:51:01","slug":"concientizan-sobre-autismo-y-retos-de-inclusion","status":"publish","type":"post","link":"https:\/\/visionpeninsular.com\/mid\/concientizan-sobre-autismo-y-retos-de-inclusion\/","title":{"rendered":"Concientizan sobre autismo y retos de inclusi\u00f3n"},"content":{"rendered":"\n<p>M\u00e9rida, 2 de abril de 2026. El 2 de abril se conmemora el D\u00eda Mundial de la Concientizaci\u00f3n sobre el Autismo, una fecha clave para visibilizar esta condici\u00f3n, as\u00ed como los retos y \u00e1reas de oportunidad que enfrentan las personas dentro del espectro y sus familias.<\/p>\n\n\n\n<p>En Yucat\u00e1n, hasta hace apenas un a\u00f1o, ni\u00f1as y ni\u00f1os con Trastorno del Espectro Autista (TEA) eran rechazados en algunas escuelas, tanto p\u00fablicas como privadas, bajo el argumento de no contar con personal capacitado, se\u00f1al\u00f3 Wendy L\u00f3pez, directora de la Asociaci\u00f3n Yucateca de Autismo.<\/p>\n\n\n\n<p>\u201cNo hay un consenso. Ahora, con la Ley del Autismo, muchas escuelas tendr\u00e1n que ser inclusivas; sin embargo, existen interrogantes, como los m\u00e9todos de ense\u00f1anza\u201d, subray\u00f3.<\/p>\n\n\n\n<p>A esta problem\u00e1tica se suma la falta de cifras precisas. A nivel local y nacional no existe un consenso sobre cu\u00e1ntas personas viven con esta condici\u00f3n. No obstante, de acuerdo con una investigaci\u00f3n de 2020 de la Comisi\u00f3n Nacional de Salud Mental y Adicciones, se estima que el 1% de la poblaci\u00f3n mundial vive con autismo, una cifra que podr\u00eda ir en aumento ante la falta de actualizaciones oficiales.<\/p>\n\n\n\n<p>\u201cSolo en la Asociaci\u00f3n Yucateca de Autismo brindamos atenci\u00f3n a 250 alumnos. Se cobra una cuota de recuperaci\u00f3n; sin embargo, algunos cuentan con becas del 100%, gracias a donaciones de personas que entienden que vivir con autismo en Yucat\u00e1n es un reto\u201d, explic\u00f3 L\u00f3pez.<\/p>\n\n\n\n<p><strong>\u00bfQu\u00e9 es el autismo?<\/strong><\/p>\n\n\n\n<p>El autismo es un trastorno del neurodesarrollo que afecta la comunicaci\u00f3n, la interacci\u00f3n social y el comportamiento. Se clasifica en distintos niveles, pero cada caso es \u00fanico y requiere un diagn\u00f3stico especializado.<\/p>\n\n\n\n<p>El psic\u00f3logo y coordinador de la asociaci\u00f3n, Elian Ayil, explic\u00f3 que las primeras se\u00f1ales pueden detectarse desde los primeros meses de vida.<\/p>\n\n\n\n<p>\u201cDesde etapas tempranas se pueden identificar se\u00f1ales sociales, como la falta de respuesta al nombre, poca interacci\u00f3n visual o ausencia de sonrisa social. Es importante que madres y padres est\u00e9n atentos y acudan a un especialista, como un neuropediatra, en caso de dudas\u201d, indic\u00f3.<\/p>\n\n\n\n<p><strong>Acciones y avances<\/strong><\/p>\n\n\n\n<p>En Yucat\u00e1n, la Ley de Autismo fue aprobada el 6 de febrero de 2026, con el objetivo de impulsar pol\u00edticas p\u00fablicas enfocadas en este sector, incluyendo generaci\u00f3n de estad\u00edsticas, acceso a diagn\u00f3sticos, educaci\u00f3n y atenci\u00f3n integral.<\/p>\n\n\n\n<p>En M\u00e9rida, recientemente fue inaugurado el Centro Municipal de Autismo, que brindar\u00e1 atenci\u00f3n desde los 45 d\u00edas de nacido hasta los 59 a\u00f1os, ampliando la cobertura que anteriormente ten\u00eda l\u00edmites de edad.<\/p>\n\n\n\n<p>\u201cEste centro es el primero en M\u00e9rida y se construy\u00f3 a partir de la escucha de las familias, quienes se\u00f1alaron que los diagn\u00f3sticos no eran accesibles. Contar\u00e1 con \u00e1reas especializadas, como un gimnasio terap\u00e9utico y un Centro de Estimulaci\u00f3n Sensorial\u201d, destac\u00f3 la presidenta municipal, Cecilia Patr\u00f3n.<\/p>\n\n\n\n<p>Se estima que este espacio ofrecer\u00e1 entre 8 y 10 mil servicios al a\u00f1o, beneficiando a m\u00e1s de 400 personas, con cuotas de recuperaci\u00f3n accesibles.<\/p>\n<div class='share-to-whatsapp-wrapper'><div class='share-on-whsp'>Share on: <\/div><a data-text='Concientizan sobre autismo y retos de inclusi\u00f3n' data-link='https:\/\/visionpeninsular.com\/mid\/concientizan-sobre-autismo-y-retos-de-inclusion\/' class='whatsapp-button whatsapp-share'>WhatsApp<\/a><div class='clear '><\/div><\/div>","protected":false},"excerpt":{"rendered":"<p>M\u00e9rida, 2 de abril de 2026. El 2 de abril se conmemora el D\u00eda Mundial de la Concientizaci\u00f3n sobre el Autismo, una fecha clave para visibilizar esta condici\u00f3n, as\u00ed como los retos y \u00e1reas de oportunidad que enfrentan las personas dentro del espectro y sus familias. En Yucat\u00e1n, hasta hace apenas un a\u00f1o, ni\u00f1as y &hellip;<\/p>\n","protected":false},"author":5,"featured_media":212498,"comment_status":"open","ping_status":"open","sticky":false,"template":"","format":"standard","meta":{"_mi_skip_tracking":false},"categories":[49,37],"tags":[41,5668,53510,30779,53511],"_links":{"self":[{"href":"https:\/\/visionpeninsular.com\/mid\/wp-json\/wp\/v2\/posts\/212496"}],"collection":[{"href":"https:\/\/visionpeninsular.com\/mid\/wp-json\/wp\/v2\/posts"}],"about":[{"href":"https:\/\/visionpeninsular.com\/mid\/wp-json\/wp\/v2\/types\/post"}],"author":[{"embeddable":true,"href":"https:\/\/visionpeninsular.com\/mid\/wp-json\/wp\/v2\/users\/5"}],"replies":[{"embeddable":true,"href":"https:\/\/visionpeninsular.com\/mid\/wp-json\/wp\/v2\/comments?post=212496"}],"version-history":[{"count":1,"href":"https:\/\/visionpeninsular.com\/mid\/wp-json\/wp\/v2\/posts\/212496\/revisions"}],"predecessor-version":[{"id":212499,"href":"https:\/\/visionpeninsular.com\/mid\/wp-json\/wp\/v2\/posts\/212496\/revisions\/212499"}],"wp:featuredmedia":[{"embeddable":true,"href":"https:\/\/visionpeninsular.com\/mid\/wp-json\/wp\/v2\/media\/212498"}],"wp:attachment":[{"href":"https:\/\/visionpeninsular.com\/mid\/wp-json\/wp\/v2\/media?parent=212496"}],"wp:term":[{"taxonomy":"category","embeddable":true,"href":"https:\/\/visionpeninsular.com\/mid\/wp-json\/wp\/v2\/categories?post=212496"},{"taxonomy":"post_tag","embeddable":true,"href":"https:\/\/visionpeninsular.com\/mid\/wp-json\/wp\/v2\/tags?post=212496"}],"curies":[{"name":"wp","href":"https:\/\/api.w.org\/{rel}","templated":true}]}}