{"id":212469,"date":"2026-04-02T17:02:27","date_gmt":"2026-04-02T23:02:27","guid":{"rendered":"https:\/\/visionpeninsular.com\/mid\/?p=212469"},"modified":"2026-04-02T17:02:29","modified_gmt":"2026-04-02T23:02:29","slug":"la-ley-contra-el-feminicidio","status":"publish","type":"post","link":"https:\/\/visionpeninsular.com\/mid\/la-ley-contra-el-feminicidio\/","title":{"rendered":"La ley contra el feminicidio"},"content":{"rendered":"\n<p>Por: SemM\u00e9xico<\/p>\n\n\n\n<p>Ang\u00e9lica de la Pe\u00f1a<\/p>\n\n\n\n<p>SemM\u00e9xico, Ciudad de M\u00e9xico, 30 de marzo, 2026.- Un poco de historia; en la LIX Legislatura (2003\/2006) desde la C\u00e1mara de Diputados, se integra por primera vez una Comisi\u00f3n Especial para investigar el feminicidio en el pa\u00eds; el antecedente m\u00e1s impactante eran los asesinatos de chicas en Ciudad Ju\u00e1rez, Chihuahua.<\/p>\n\n\n\n<p>Las cifras evidenciaron una sistematizaci\u00f3n imparable de asesinatos desde los a\u00f1os 90. Este fen\u00f3meno delincuencial empez\u00f3 a llamar la atenci\u00f3n por la desaparici\u00f3n de chicas y en su b\u00fasqueda, por desgracia aparec\u00edan sus restos.<\/p>\n\n\n\n<p>Un gobernador terminaba su mandato y llegaba otro, pero los asesinatos de mujeres j\u00f3venes incluso adolescentes prevalec\u00edan, la mayor\u00eda trabajadoras pobres o de la maquila cuyas f\u00e1bricas se encontraban en zonas despobladas y sin transportes seguros. El fen\u00f3meno se caracteriz\u00f3 por un menosprecio aberrante: se pod\u00eda violar, matar y desaparecer a una chica y no pasaba nada. Las madres clamaban: hasta que nuestras hijas vuelvan a casa.<\/p>\n\n\n\n<p>La Comisi\u00f3n legislativa para investigar estos hechos fue presidida por la Diputada Federal Marcela Lagarde y de los R\u00edos, doctora Antrop\u00f3loga Feminista de gran prestigio. Ella concibi\u00f3 la genealog\u00eda de la crueldad mort\u00edfera contra las mujeres, el feminicidio: asesinato violento de mujeres por el hecho de serlo, su motivaci\u00f3n se caracteriza por un control mis\u00f3gino y se perpetra a partir de una tolerancia e impunidad del Estado.<\/p>\n\n\n\n<p>Prevalece una discriminaci\u00f3n estructural derivada de relaciones desiguales donde hay un predominio de un sexo sobre el otro. El tipo penal del feminicidio acu\u00f1ado por Marcela, se incorpora dispar en algunos c\u00f3digos penales.<\/p>\n\n\n\n<p>La muerte violenta de mujeres evidencia que, en estas relaciones de poder, son la parte pasiva, sumisa, abnegada, reprimida y oprimida. El reconocimiento tard\u00edo de la ciudadan\u00eda de las mujeres, por ejemplo, el no tener su derecho al voto sino hasta los 50s, entre otras omisiones hist\u00f3ricas, constatan que ha habido una desigualdad no s\u00f3lo de tratos y oportunidades, sino tambi\u00e9n una exclusi\u00f3n ancestral para acceder a la justicia.<\/p>\n\n\n\n<p>En la legislatura mencionada logramos con la direcci\u00f3n de Marcela Lagarde, la Ley General de Acceso de las Mujeres una Vida Libre de Violencia. Esta ley no es punitiva, sino esencialmente de prevenci\u00f3n. Define puntualmente como objetivo la erradicaci\u00f3n de la violencia contra las mujeres porque la nombra: es una violaci\u00f3n a sus derechos humanos.<\/p>\n\n\n\n<p>Pero el feminicidio y la violencia contra las mujeres han ido a la alza porque no hay pol\u00edticas p\u00fablicas para prevenirles, la Ley no se cumple por m\u00e1s reformas que se le adicionen; en realidad ha faltado voluntad pol\u00edtica para ir al fondo del sist\u00e9mico y estructural problema.<\/p>\n\n\n\n<p>Hoy nos anuncia la presidenta Sheinbaum una reforma constitucional que dar\u00e1 lugar a una ley nacional contra el feminicidio. Ha dicho que toda muerte violenta de una mujer ser\u00e1 investigada inicialmente como feminicidio; se eleva hasta 70 a\u00f1os la privaci\u00f3n de libertad e inscribe 21 agravantes; el feminicida perder\u00e1 derechos sucesorios y la patria potestad de sus hijos e hijas, y unifica la misma concepci\u00f3n del tipo penal en todo el pa\u00eds. Estaremos atentas a su discusi\u00f3n.<\/p>\n\n\n\n<p>Por lo pronto reafirmamos que es necesario atender las causas de la desigualdad contra las mujeres por serlo. La administraci\u00f3n p\u00fablica en los tres \u00f3rdenes de gobierno deben trabajar en la erradicaci\u00f3n de los machismos y de la cosificaci\u00f3n de las mujeres, y dejar al ministerio p\u00fablico como \u00faltimo recurso.<\/p>\n\n\n\n<p>*Defensora de derechos humanos<\/p>\n<div class='share-to-whatsapp-wrapper'><div class='share-on-whsp'>Share on: <\/div><a data-text='La ley contra el feminicidio' data-link='https:\/\/visionpeninsular.com\/mid\/la-ley-contra-el-feminicidio\/' class='whatsapp-button whatsapp-share'>WhatsApp<\/a><div class='clear '><\/div><\/div>","protected":false},"excerpt":{"rendered":"<p>Por: SemM\u00e9xico Ang\u00e9lica de la Pe\u00f1a SemM\u00e9xico, Ciudad de M\u00e9xico, 30 de marzo, 2026.- Un poco de historia; en la LIX Legislatura (2003\/2006) desde la C\u00e1mara de Diputados, se integra por primera vez una Comisi\u00f3n Especial para investigar el feminicidio en el pa\u00eds; el antecedente m\u00e1s impactante eran los asesinatos de chicas en Ciudad Ju\u00e1rez, &hellip;<\/p>\n","protected":false},"author":5,"featured_media":201987,"comment_status":"open","ping_status":"open","sticky":false,"template":"","format":"standard","meta":{"_mi_skip_tracking":false},"categories":[44],"tags":[53492,53491,53493,45649],"_links":{"self":[{"href":"https:\/\/visionpeninsular.com\/mid\/wp-json\/wp\/v2\/posts\/212469"}],"collection":[{"href":"https:\/\/visionpeninsular.com\/mid\/wp-json\/wp\/v2\/posts"}],"about":[{"href":"https:\/\/visionpeninsular.com\/mid\/wp-json\/wp\/v2\/types\/post"}],"author":[{"embeddable":true,"href":"https:\/\/visionpeninsular.com\/mid\/wp-json\/wp\/v2\/users\/5"}],"replies":[{"embeddable":true,"href":"https:\/\/visionpeninsular.com\/mid\/wp-json\/wp\/v2\/comments?post=212469"}],"version-history":[{"count":1,"href":"https:\/\/visionpeninsular.com\/mid\/wp-json\/wp\/v2\/posts\/212469\/revisions"}],"predecessor-version":[{"id":212471,"href":"https:\/\/visionpeninsular.com\/mid\/wp-json\/wp\/v2\/posts\/212469\/revisions\/212471"}],"wp:featuredmedia":[{"embeddable":true,"href":"https:\/\/visionpeninsular.com\/mid\/wp-json\/wp\/v2\/media\/201987"}],"wp:attachment":[{"href":"https:\/\/visionpeninsular.com\/mid\/wp-json\/wp\/v2\/media?parent=212469"}],"wp:term":[{"taxonomy":"category","embeddable":true,"href":"https:\/\/visionpeninsular.com\/mid\/wp-json\/wp\/v2\/categories?post=212469"},{"taxonomy":"post_tag","embeddable":true,"href":"https:\/\/visionpeninsular.com\/mid\/wp-json\/wp\/v2\/tags?post=212469"}],"curies":[{"name":"wp","href":"https:\/\/api.w.org\/{rel}","templated":true}]}}