{"id":212456,"date":"2026-04-01T17:06:49","date_gmt":"2026-04-01T23:06:49","guid":{"rendered":"https:\/\/visionpeninsular.com\/mid\/?p=212456"},"modified":"2026-04-01T17:06:52","modified_gmt":"2026-04-01T23:06:52","slug":"sesgo-normativo-en-politica-de-cuidados-en-mexico-familista-y-maternalista-una-sistema-que-no-transita-hace-5-anos-y-deja-a-las-mujeres-todo-el-peso","status":"publish","type":"post","link":"https:\/\/visionpeninsular.com\/mid\/sesgo-normativo-en-politica-de-cuidados-en-mexico-familista-y-maternalista-una-sistema-que-no-transita-hace-5-anos-y-deja-a-las-mujeres-todo-el-peso\/","title":{"rendered":"Sesgo normativo en pol\u00edtica de cuidados en M\u00e9xico: familista y maternalista una sistema que no transita hace 5 a\u00f1os y  deja a las  mujeres todo el peso"},"content":{"rendered":"\n<p>Por: SemM\u00e9xico<\/p>\n\n\n\n<ul><li><strong><em>Celebra diputaci\u00f3n Seminario internacional \u201cLos cuidados en M\u00e9xico y ALC. Hacia una sociedad de cuidados\u201d<\/em><\/strong><\/li><li><strong><em>Despu\u00e9s de&nbsp; 5 a\u00f1os ni claridad ni recursos, legislaci\u00f3n&nbsp; archivada en senadores<\/em><\/strong><\/li><li><strong><em>Semanario para fortalecer las capacidades del Poder Legislativo para avanzar hacia la sostenibilidad<\/em><\/strong><\/li><\/ul>\n\n\n\n<p>Sara Lovera<\/p>\n\n\n\n<p>SemM\u00e9xico, Cd. de M\u00e9xico, 30 de marzo, 2026.-&nbsp; El 18 de noviembre de 2020 la C\u00e1mara de Diputados aprob\u00f3 elevar a rango constitucional el Sistema Nacional de Cuidados, cuya aprobaci\u00f3n definitiva qued\u00f3&nbsp; archivada en el Senado de la Rep\u00fablica, y su contenido es arcaico, con sesgos familiaristas y maternacilizas, dijo &nbsp;Lourdes Jim\u00e9nez Brito, investigadora especialista&nbsp; de la Conferencia Interamericana de Seguridad Social (CISS).<\/p>\n\n\n\n<p>Mientras que la senadora Amalia Garc\u00eda Medina hace dos semana urgi\u00f3&nbsp; a las comisiones de Bienestar y de Estudios Legislativos a que se dictamine la minuta en el Senado que propone crear el Sistemaminuta recibida el 20 de marzo de 2024.<\/p>\n\n\n\n<p>Entre 2020 y 2026 han pasado m\u00e1s de 5 a\u00f1os, y apenas en 2025 M\u00e9xico firm\u00f3 con CEPAL que dar\u00eda prioridad a este sistema&nbsp;&nbsp; que&nbsp; seg\u00fan&nbsp; Jim\u00e9nez Brito&nbsp; proyecta un marco normativo alejado de los an\u00e1lisis y sentido de los cuidados hoy en 75 por ciento a cargo de las mujeres, y una demanda de m\u00e1s de 58 millones de mexicanos y mexicanas.<\/p>\n\n\n\n<figure class=\"wp-block-image size-full\"><img loading=\"lazy\" width=\"600\" height=\"238\" src=\"https:\/\/visionpeninsular.com\/mid\/wp-content\/uploads\/2026\/04\/enterate.jpg\" alt=\"\" class=\"wp-image-212460\" srcset=\"https:\/\/visionpeninsular.com\/mid\/wp-content\/uploads\/2026\/04\/enterate.jpg 600w, https:\/\/visionpeninsular.com\/mid\/wp-content\/uploads\/2026\/04\/enterate-300x119.jpg 300w\" sizes=\"(max-width: 600px) 100vw, 600px\" \/><\/figure>\n\n\n\n<p><strong>Ent\u00e9rate:<\/strong><\/p>\n\n\n\n<p>Tampoco corresponde al enfoque de expertas internacionales de ONU Mujeres, porque lo avanzado y discutido hasta ahora, sin visi\u00f3n integral ni&nbsp; presupuesto, busca recargar el trabajo de cuidados a las mujeres, sin remuneraci\u00f3n y con esfuerzos que las hacen renunciar a un plan de vida, como lo ha destacado reiteradamente&nbsp; la diputada emecista Patricia Mercado Castro.<\/p>\n\n\n\n<figure class=\"wp-block-image size-full\"><img loading=\"lazy\" width=\"600\" height=\"398\" src=\"https:\/\/visionpeninsular.com\/mid\/wp-content\/uploads\/2026\/04\/de-tu-interes.jpg\" alt=\"\" class=\"wp-image-212459\" srcset=\"https:\/\/visionpeninsular.com\/mid\/wp-content\/uploads\/2026\/04\/de-tu-interes.jpg 600w, https:\/\/visionpeninsular.com\/mid\/wp-content\/uploads\/2026\/04\/de-tu-interes-300x199.jpg 300w, https:\/\/visionpeninsular.com\/mid\/wp-content\/uploads\/2026\/04\/de-tu-interes-310x205.jpg 310w\" sizes=\"(max-width: 600px) 100vw, 600px\" \/><\/figure>\n\n\n\n<p>De tu inter\u00e9s:<\/p>\n\n\n\n<p>Home<\/p>\n\n\n\n<p><strong>Discusi\u00f3n y propuestas durante 5 a\u00f1os y nada<\/strong><\/p>\n\n\n\n<p>En s\u00edntesis: 5 a\u00f1os despu\u00e9s, con muchos an\u00e1lisis y discursos, resulta que la base normativa es sesgada y no hay la pol\u00edtica p\u00fablica que, tambi\u00e9n reiteradamente, se anuncia un d\u00eda y otro tambi\u00e9n. Incluso en la discusi\u00f3n del presupuesto 2026 hubo confusi\u00f3n.<\/p>\n\n\n\n<p>La experta de la CISS habl\u00f3 este jueves cuando&nbsp; concluy\u00f3 la cuarta y \u00faltima sesi\u00f3n del seminario internacional \u201cLos cuidados en M\u00e9xico y ALC. Hacia una sociedad de cuidado\u201d, organizado por la secretaria de Servicios Administrativos y Financieros de la C\u00e1mara de Diputados, Aliza Klip Moshinsky, con el apoyo del presidente de la Junta de Coordinaci\u00f3n Pol\u00edtica.<\/p>\n\n\n\n<p>Este seminario dise\u00f1ado por la directora de la Unidad para la Igualdad de G\u00e9nero de la diputaci\u00f3n, Tatiana Margarita Telles Calder\u00f3n, es uno de los m\u00faltiples foros realizados desde marzo de 2020 cuando se decidi\u00f3 hacer una reforma Constitucional para llevarlo a cabo. Despu\u00e9s de ello, Olga S\u00e1nchez Coordero, senadora entonces, afirm\u00f3 que no hay recursos econ\u00f3micos para instaurarlo y la reforma no cuaj\u00f3, hasta ahora.<\/p>\n\n\n\n<p>Lourdes Jim\u00e9nez Brito&nbsp; asegur\u00f3 que el marco normativo de M\u00e9xico desafortunadamente tiene sesgos familiaristas y maternalistas, pero se debe entender que los cuidados no son un problema p\u00fablico. Cuidar es una necesidad humana, vital e ineludible para cualquier persona a lo largo de la vida, es al mismo tiempo&nbsp; un trabajo y un derecho humano.<\/p>\n\n\n\n<p>Al concluir el semanario Telles Calder\u00f3n explic\u00f3 que el foro busca fortalecer las capacidades del Poder Legislativo y generar un espacio de participaci\u00f3n colectiva para avanzar hacia una sociedad que ponga la sostenibilidad de la vida en el centro de las pol\u00edticas p\u00fablicas.<\/p>\n\n\n\n<p>&nbsp;Mencion\u00f3 que se llevaron a cabo cuatro jornadas en las que se reflexion\u00f3 sobre c\u00f3mo configurar los cuidados desde la administraci\u00f3n p\u00fablica y el trabajo legislativo.<\/p>\n\n\n\n<p>Se trata de profundizar&nbsp; respecto a c\u00f3mo los cuidados pueden consolidarse en un componente central de los sistemas de bienestar contempor\u00e1neos y cu\u00e1les son los aprendizajes que pueden ser \u00fatiles para el progreso que actualmente vive el pa\u00eds.<\/p>\n\n\n\n<p>El trabajo no remunerado de las mujeres en los cuidados significa el 25 por ciento del Producto Interno Bruto, y cuentas sat\u00e9lites de analizan desde 1995. En M\u00e9xico est\u00e1n legislados los cuidados en la ciudad de M\u00e9xico e incluso se capacit\u00f3 a muchas mujeres, quienes inicialmente formaron una red de cuidadoras, que no est\u00e1 registrada en ninguna parte seg\u00fan dijo a SemM\u00e9xico, In\u00e9s Gonz\u00e1les Nicol\u00e1s, Secretaria&nbsp; de Trabajo y Fomento al Empleo de la Ciudad de M\u00e9xico.<\/p>\n\n\n\n<p>La experta&nbsp; del CISS dijo&nbsp; que lo problem\u00e1tico es la provisi\u00f3n desigual de cuidados, pues las familias son las principales proveedoras, siendo las mujeres quienes utilizan su tiempo y sus recursos emocionales y f\u00edsicos para los cuidados que son fundamentales, pensados como&nbsp; un asunto de resoluci\u00f3n privada y dom\u00e9stica; sin embargo, este paradigma ha venido cambiando en la agenda p\u00fablica.<\/p>\n\n\n\n<p>En este sentido, expuso que en M\u00e9xico las mujeres ocupan 39.7 horas a la semana en labores dom\u00e9sticas y de cuidado, mientras que los hombres invierten 18.2 horas; es decir, existe una brecha de 21.5 horas. Adem\u00e1s, en 2024 el trabajo dom\u00e9stico y de cuidados no remunerados alcanz\u00f3 un valor equivalente a 23.9 por ciento del Producto Interno Bruto nacional.<\/p>\n\n\n\n<p>&nbsp; Destac\u00f3 que con base en la Encuesta Nacional para el Sistema de Cuidados (ENASIC), se estima que en el pa\u00eds 58.3 millones son susceptibles de recibir cuidados en los hogares, entre ellas personas con discapacidad o dependientes, poblaci\u00f3n infantil de 0 a cinco a\u00f1os; ni\u00f1as, ni\u00f1os y adolescentes, de entre cinco a 17 a\u00f1os; y personas mayores de 60 a\u00f1os y m\u00e1s.<\/p>\n\n\n\n<p>&nbsp;Con base en ello, subray\u00f3 que en sentido estricto todas las personas necesitamos cuidados a lo largo de la vida, no solo infancias, personas mayores o discapacitados, pero el 64.5 por ciento se recibe en el hogar y el 75 por ciento de cuidados lo proporcionan las mujeres.<\/p>\n\n\n\n<p>Por ello urge&nbsp; avanzar en su&nbsp; regulaci\u00f3n e identificar los perfiles laborales para cubrir las necesidades de cuidados de todas las poblaciones. Tambi\u00e9n se tiene que dar el debate sobre pol\u00edticas fiscales favorables para las familias y las personas que cuidan, y pensar en una normativa robusta en materia de accesibilidad.<\/p>\n\n\n\n<p>Al clausurar el diplomado, la directora de la Unidad para la Igualdad de G\u00e9nero, Tatiana Telles, consider\u00f3 que el an\u00e1lisis del sistema nacional de cuidados no implica una par\u00e1lisis legislativa, en el sentido de decir que \u201chasta que tengo un consenso o suficientes recursos, se empiece a legislar\u201d.<\/p>\n\n\n\n<p>&nbsp;Se debe reconocer que este es un proceso vivo que implica identificar todos los vac\u00edos y sesgos, que se pueden seguir haciendo de manera paralela y no esperar a que ya est\u00e9 lista una ley de cuidados para poder votarla, a\u00f1adi\u00f3.<\/p>\n\n\n\n<p>Sin embargo hasta ahora las propuestas legislativas est\u00e1n paralizadas; mientras en el ejecutivo se justifican los cuidados, como si se estuvieran llevando a cabo, con las antiguas pol\u00edticas, como las guarder\u00edas y los apoyos econ\u00f3micos a las personas mayores. Hasta ahora todo lo de cuidados est\u00e1 pendiente.<\/p>\n<div class='share-to-whatsapp-wrapper'><div class='share-on-whsp'>Share on: <\/div><a data-text='Sesgo normativo en pol\u00edtica de cuidados en M\u00e9xico: familista y maternalista una sistema que no transita hace 5 a\u00f1os y  deja a las  mujeres todo el peso' data-link='https:\/\/visionpeninsular.com\/mid\/sesgo-normativo-en-politica-de-cuidados-en-mexico-familista-y-maternalista-una-sistema-que-no-transita-hace-5-anos-y-deja-a-las-mujeres-todo-el-peso\/' class='whatsapp-button whatsapp-share'>WhatsApp<\/a><div class='clear '><\/div><\/div>","protected":false},"excerpt":{"rendered":"<p>Por: SemM\u00e9xico Celebra diputaci\u00f3n Seminario internacional \u201cLos cuidados en M\u00e9xico y ALC. Hacia una sociedad de cuidados\u201dDespu\u00e9s de&nbsp; 5 a\u00f1os ni claridad ni recursos, legislaci\u00f3n&nbsp; archivada en senadoresSemanario para fortalecer las capacidades del Poder Legislativo para avanzar hacia la sostenibilidad Sara Lovera SemM\u00e9xico, Cd. de M\u00e9xico, 30 de marzo, 2026.-&nbsp; El 18 de noviembre de &hellip;<\/p>\n","protected":false},"author":5,"featured_media":212458,"comment_status":"open","ping_status":"open","sticky":false,"template":"","format":"standard","meta":{"_mi_skip_tracking":false},"categories":[19567],"tags":[53484,53481,53483,53482],"_links":{"self":[{"href":"https:\/\/visionpeninsular.com\/mid\/wp-json\/wp\/v2\/posts\/212456"}],"collection":[{"href":"https:\/\/visionpeninsular.com\/mid\/wp-json\/wp\/v2\/posts"}],"about":[{"href":"https:\/\/visionpeninsular.com\/mid\/wp-json\/wp\/v2\/types\/post"}],"author":[{"embeddable":true,"href":"https:\/\/visionpeninsular.com\/mid\/wp-json\/wp\/v2\/users\/5"}],"replies":[{"embeddable":true,"href":"https:\/\/visionpeninsular.com\/mid\/wp-json\/wp\/v2\/comments?post=212456"}],"version-history":[{"count":1,"href":"https:\/\/visionpeninsular.com\/mid\/wp-json\/wp\/v2\/posts\/212456\/revisions"}],"predecessor-version":[{"id":212461,"href":"https:\/\/visionpeninsular.com\/mid\/wp-json\/wp\/v2\/posts\/212456\/revisions\/212461"}],"wp:featuredmedia":[{"embeddable":true,"href":"https:\/\/visionpeninsular.com\/mid\/wp-json\/wp\/v2\/media\/212458"}],"wp:attachment":[{"href":"https:\/\/visionpeninsular.com\/mid\/wp-json\/wp\/v2\/media?parent=212456"}],"wp:term":[{"taxonomy":"category","embeddable":true,"href":"https:\/\/visionpeninsular.com\/mid\/wp-json\/wp\/v2\/categories?post=212456"},{"taxonomy":"post_tag","embeddable":true,"href":"https:\/\/visionpeninsular.com\/mid\/wp-json\/wp\/v2\/tags?post=212456"}],"curies":[{"name":"wp","href":"https:\/\/api.w.org\/{rel}","templated":true}]}}