{"id":212042,"date":"2026-03-19T16:19:18","date_gmt":"2026-03-19T22:19:18","guid":{"rendered":"https:\/\/visionpeninsular.com\/mid\/?p=212042"},"modified":"2026-03-19T16:19:21","modified_gmt":"2026-03-19T22:19:21","slug":"emotivo-homenaje-al-escritor-agustin-monsreal-en-la-filey-2026","status":"publish","type":"post","link":"https:\/\/visionpeninsular.com\/mid\/emotivo-homenaje-al-escritor-agustin-monsreal-en-la-filey-2026\/","title":{"rendered":"Emotivo  homenaje al escritor Agust\u00edn Monsreal en la FILEY 2026"},"content":{"rendered":"\n<ul><li><strong><em>El autor yucateco, galardonado con el Premio Nacional de Artes y Literatura 2025, fue celebrado por su trayectoria y aportaci\u00f3n a las letras mexicanas.<\/em><\/strong><\/li><\/ul>\n\n\n\n<p>Instituciones culturales y acad\u00e9micas rindieron homenaje al escritor yucateco Agust\u00edn Monsreal, en el marco de la Feria Internacional de la Lectura Yucat\u00e1n (FILEY 2026), con motivo de sus 85 a\u00f1os y su reciente distinci\u00f3n con el Premio Nacional de Artes y Literatura 2025.<\/p>\n\n\n\n<p>El acto fue organizado por la Secretar\u00eda de la Cultura y las Artes (Sedeculta), en colaboraci\u00f3n con la FILEY y la Universidad Aut\u00f3noma de Yucat\u00e1n (UADY), reuniendo a autoridades, escritores y p\u00fablico que celebr\u00f3 la trayectoria de uno de los grandes exponentes del cuento en M\u00e9xico.<\/p>\n\n\n\n<p>Durante el homenaje, la titular de Sedeculta, Patricia Mart\u00edn Brice\u00f1o, destac\u00f3 la relevancia de Monsreal en la literatura nacional, subrayando que su obra ha llevado el cuento breve a altos niveles de exigencia y calidad. Record\u00f3 que fue la propia dependencia la que impuls\u00f3 su candidatura al Premio Nacional de Artes y Literatura, respaldada por instituciones como la UADY y la UNAM, as\u00ed como por m\u00e1s de 50 escritoras y escritores.<\/p>\n\n\n\n<p>\u201cSu voz nace en Yucat\u00e1n, pero se proyecta al pa\u00eds y al mundo\u201d, expres\u00f3, al tiempo que se\u00f1al\u00f3 que este reconocimiento fortalece el impulso a la creaci\u00f3n literaria en el estado.<\/p>\n\n\n\n<p>Bajo el t\u00edtulo \u201cDel cuento breve a la eternidad: Agust\u00edn Monsreal rumbo a sus 85 a\u00f1os\u201d, el evento fue moderado por Mar\u00eda Teresa M\u00e9zquita M\u00e9ndez, directora de la FILEY.<\/p>\n\n\n\n<p>Como parte del programa, el escritor y periodista Joaqu\u00edn Tamayo ley\u00f3 un fragmento de \u201cEp\u00edlogo con alfileres\u201d, obra in\u00e9dita inspirada en las memorias del homenajeado.<\/p>\n\n\n\n<p>Por su parte, el escritor Carlos Mart\u00edn Brice\u00f1o resalt\u00f3 la influencia de Monsreal en su formaci\u00f3n literaria, destacando su vasta producci\u00f3n, que incluye m\u00e1s de 150 relatos y cerca de treinta libros publicados.<\/p>\n\n\n\n<p>Entre sus obras m\u00e1s representativas mencion\u00f3:<\/p>\n\n\n\n<ul><li>La banda de los enanos calvos<\/li><li>Los \u00e1ngeles enfermos<\/li><li>Sue\u00f1os de segunda mano<\/li><li>Las terrazas del purgatorio<\/li><li>Deudas pendientes<\/li><\/ul>\n\n\n\n<p><strong>\u201cPerfeccionar la nostalgia\u201d<\/strong><\/p>\n\n\n\n<p>Visiblemente conmovido, Monsreal agradeci\u00f3 el reconocimiento y comparti\u00f3 reflexiones sobre su trayectoria y el significado del galard\u00f3n.<\/p>\n\n\n\n<p>\u201cProcuro regresar a M\u00e9rida para perfeccionar mi nostalgia\u201d, expres\u00f3, al tiempo que reconoci\u00f3 que el premio lo llev\u00f3 a hacer un balance de su vida literaria.<\/p>\n\n\n\n<p>Tambi\u00e9n dej\u00f3 un mensaje sobre la importancia de la humildad ante el \u00e9xito:<\/p>\n\n\n\n<p>\u201cHay que alejarse de los reflectores antes de que la soberbia se adue\u00f1e de uno\u201d.<\/p>\n\n\n\n<p>Como parte de su participaci\u00f3n en la FILEY, Sedeculta desarroll\u00f3 diversas actividades abiertas al p\u00fablico, reforzando su compromiso con la promoci\u00f3n cultural.<\/p>\n\n\n\n<p>Entre ellas destacaron:<\/p>\n\n\n\n<ul><li>La muestra de teatro japon\u00e9s kamishibai: \u201cHistorias valientes para un mundo diferente\u201d<\/li><li>Sesiones de cuentacuentos con relatos de la tradici\u00f3n mexicana<\/li><li>Presentaciones editoriales como \u201cPicardo Zancudo\u201d, de Rodrigo Lor\u00eda<\/li><li>La charla sobre Educaci\u00f3n Ambiental para la Sustentabilidad (EAS), impartida por la investigadora de la UNAM, Marcela Garc\u00eda Aguilar<\/li><li>La presentaci\u00f3n de la antolog\u00eda po\u00e9tica \u201cPato de Lumbre\u201d, de Wilbert Osorno<\/li><\/ul>\n\n\n\n<p>La jornada tambi\u00e9n incluy\u00f3 una sesi\u00f3n abierta del Hipogeo Taller de Cuento, donde autores compartieron y analizaron sus textos en un ejercicio de cr\u00edtica colectiva.<\/p>\n\n\n\n<p>El homenaje a Agust\u00edn Monsreal no solo reconoci\u00f3 su trayectoria, sino que reafirm\u00f3 el papel de Yucat\u00e1n como semillero de talento literario y espacio de encuentro cultural.<\/p>\n<div class='share-to-whatsapp-wrapper'><div class='share-on-whsp'>Share on: <\/div><a data-text='Emotivo  homenaje al escritor Agust\u00edn Monsreal en la FILEY 2026' data-link='https:\/\/visionpeninsular.com\/mid\/emotivo-homenaje-al-escritor-agustin-monsreal-en-la-filey-2026\/' class='whatsapp-button whatsapp-share'>WhatsApp<\/a><div class='clear '><\/div><\/div>","protected":false},"excerpt":{"rendered":"<p>El autor yucateco, galardonado con el Premio Nacional de Artes y Literatura 2025, fue celebrado por su trayectoria y aportaci\u00f3n a las letras mexicanas. Instituciones culturales y acad\u00e9micas rindieron homenaje al escritor yucateco Agust\u00edn Monsreal, en el marco de la Feria Internacional de la Lectura Yucat\u00e1n (FILEY 2026), con motivo de sus 85 a\u00f1os y &hellip;<\/p>\n","protected":false},"author":5,"featured_media":212044,"comment_status":"open","ping_status":"open","sticky":false,"template":"","format":"standard","meta":{"_mi_skip_tracking":false},"categories":[49,37],"tags":[52550,53225,1557,448],"_links":{"self":[{"href":"https:\/\/visionpeninsular.com\/mid\/wp-json\/wp\/v2\/posts\/212042"}],"collection":[{"href":"https:\/\/visionpeninsular.com\/mid\/wp-json\/wp\/v2\/posts"}],"about":[{"href":"https:\/\/visionpeninsular.com\/mid\/wp-json\/wp\/v2\/types\/post"}],"author":[{"embeddable":true,"href":"https:\/\/visionpeninsular.com\/mid\/wp-json\/wp\/v2\/users\/5"}],"replies":[{"embeddable":true,"href":"https:\/\/visionpeninsular.com\/mid\/wp-json\/wp\/v2\/comments?post=212042"}],"version-history":[{"count":1,"href":"https:\/\/visionpeninsular.com\/mid\/wp-json\/wp\/v2\/posts\/212042\/revisions"}],"predecessor-version":[{"id":212045,"href":"https:\/\/visionpeninsular.com\/mid\/wp-json\/wp\/v2\/posts\/212042\/revisions\/212045"}],"wp:featuredmedia":[{"embeddable":true,"href":"https:\/\/visionpeninsular.com\/mid\/wp-json\/wp\/v2\/media\/212044"}],"wp:attachment":[{"href":"https:\/\/visionpeninsular.com\/mid\/wp-json\/wp\/v2\/media?parent=212042"}],"wp:term":[{"taxonomy":"category","embeddable":true,"href":"https:\/\/visionpeninsular.com\/mid\/wp-json\/wp\/v2\/categories?post=212042"},{"taxonomy":"post_tag","embeddable":true,"href":"https:\/\/visionpeninsular.com\/mid\/wp-json\/wp\/v2\/tags?post=212042"}],"curies":[{"name":"wp","href":"https:\/\/api.w.org\/{rel}","templated":true}]}}