{"id":211861,"date":"2026-03-13T12:06:31","date_gmt":"2026-03-13T18:06:31","guid":{"rendered":"https:\/\/visionpeninsular.com\/mid\/?p=211861"},"modified":"2026-03-13T12:06:34","modified_gmt":"2026-03-13T18:06:34","slug":"8m-avalancha-de-iniciativas-y-dictamenes-igualdad-salarial-promover-humanidades-ciencia-y-tecnologia-para-las-ninas-y-reforzar-la-red-nacional-de-refugios","status":"publish","type":"post","link":"https:\/\/visionpeninsular.com\/mid\/8m-avalancha-de-iniciativas-y-dictamenes-igualdad-salarial-promover-humanidades-ciencia-y-tecnologia-para-las-ninas-y-reforzar-la-red-nacional-de-refugios\/","title":{"rendered":"8M: avalancha de iniciativas y dict\u00e1menes: igualdad salarial ; promover humanidades, ciencia y tecnolog\u00eda para las ni\u00f1as y  reforzar la Red Nacional de Refugios"},"content":{"rendered":"\n<ul><li><strong><em>Febril&nbsp; actividad&nbsp; en ambas c\u00e1maras, con iniciativas y discusiones para favorecer a las madres, para atender adultas mayores y para analizar la trata y el acoso: 29 iniciativas en dos d\u00edas<\/em><\/strong><\/li><li><strong><em>Fue marzo, el mes de la mujer, que empuj\u00f3 discusiones de c\u00f3mo promover a las mujeres, luego de las miles y miles de mujeres que piden justicia para el feminicidio y las desapariciones<\/em><\/strong><\/li><\/ul>\n\n\n\n<p>Libertad L\u00f3pez<\/p>\n\n\n\n<p>SemM\u00e9xico, Cd. de M\u00e9xico, 11 de marzo 2026.-&nbsp; La diputaci\u00f3n y el Senado lanzaron y discutieron en menos de 72 horas cerca de 29 iniciativas legislativas, 18 que buscan reivindicar&nbsp; a las mujeres. Algunos argumentos repetitivos, y una vuelta reiterativa al acoso digital. Interesante la liga entre brecha salarial y violencia. Una demanda de sorpresa es pedir que se refuerce la Red Nacional de Refugios.<\/p>\n\n\n\n<p>As\u00ed fue como la comisi\u00f3n para la Igualdad&nbsp; de G\u00e9nero del Senado de la Rep\u00fablica discuti\u00f3 un l dictamen que busca fortalecer la participaci\u00f3n de ni\u00f1as y mujeres en las humanidades, la ciencia, la tecnolog\u00eda y la innovaci\u00f3n;&nbsp; \u00e1mbitos estrat\u00e9gicos para el desarrollo de nuestro pa\u00eds.<\/p>\n\n\n\n<p>La senadora Virginia Maga\u00f1a Fonseca del partido Verde, sostuvo que partimos de una realidad conocida: aunque M\u00e9xico ha avanzado en materia de igualdad educativa, persisten brechas de g\u00e9nero que limitan el pleno aprovechamiento del talento de las mujeres. La evidencia muestra que las mujeres continuamos subrepresentadas en disciplinas relacionadas con la ciencia, la tecnolog\u00eda, las ingenier\u00edas y las matem\u00e1ticas.<\/p>\n\n\n\n<p>Este dictamen de una iniciativa del partido verde ecologista, se sum\u00f3 a la aprobaci\u00f3n del Senado de la Rep\u00fablica reforma en materia de igualdad salarial en favor de las mujeres.<\/p>\n\n\n\n<p><strong>Constituir\u00e1 violencia laboral una percepci\u00f3n menor por igual trabajo<\/strong><\/p>\n\n\n\n<p>El Pleno del Senado de la Rep\u00fablica aprob\u00f3 el proyecto de decreto que reforma el art\u00edculo 11 de la Ley General de Acceso de las Mujeres a una Vida Libre de Violencias, para establecer que constituye violencia laboral la percepci\u00f3n de un salario menor por igual trabajo que realiza un hombre dentro de un mismo centro laboral.<\/p>\n\n\n\n<p>El dictamen, que se aval\u00f3 por 109 votos a favor y ninguno en contra, se envi\u00f3 a la C\u00e1mara de Diputados para sus efectos constitucionales.<\/p>\n\n\n\n<p>Present\u00f3&nbsp; el documento la senadora Alejandra Berenice Arias Trevilla, de Morena e integrante de la Comisi\u00f3n para la Igualdad de G\u00e9nero, afirm\u00f3 que la desigualdad salarial no es una simple irregularidad administrativa, sino una manifestaci\u00f3n concreta de violencia y discriminaci\u00f3n.<\/p>\n\n\n\n<p>Mencion\u00f3 que esa desigualdad es una violencia silenciosa y normalizada que ocurre todos los d\u00edas en oficinas, f\u00e1bricas, comercios y centros de trabajo en el pa\u00eds. \u201cDurante a\u00f1os esa brecha salarial se ha explicado con argumentos que adem\u00e1s insensibilizan su ra\u00edz estructural\u201d, agreg\u00f3.<\/p>\n\n\n\n<p>Celebr\u00f3 el respaldo al dictamen, al considerar que el hecho de que una mujer reciba un menor salario por el mismo trabajo que realiza un hombre vulnera su derecho a la igualdad sustantiva, limita su autonom\u00eda econ\u00f3mica y se perpet\u00faan relaciones de poder que sostienen otras formas de violencia.<\/p>\n\n\n\n<p>Por la Comisi\u00f3n de Estudios Legislativos, el senador de Morena, Pavel Jarero Vel\u00e1zquez, se\u00f1al\u00f3 que el dictamen robustece el marco jur\u00eddico para garantizar a las mujeres una vida libre de violencia, particularmente en el \u00e1mbito laboral.<\/p>\n\n\n\n<p>\u201cHoy vivimos tiempos extraordinarios en la vida p\u00fablica de M\u00e9xico, y por primera vez en la historia tenemos al frente del pa\u00eds a una mujer presidenta, lo que representa no solo un hecho hist\u00f3rico, sino expresa una nueva etapa de construcci\u00f3n de derechos en la que la igualdad sea una realidad\u201d, dijo.<\/p>\n\n\n\n<p>A\u00f1adi\u00f3 que el principio del dictamen es que a trabajo igual debe corresponder salario igual, que es una premisa que no solo responde a una \u00e9tica y justicia social, sino a compromisos internacionales asumidos por el Estado mexicano, como el Convenio 100 de la Organizaci\u00f3n Internacional del Trabajo.<\/p>\n\n\n\n<p>Al hablar a favor del dictamen, la senadora del PT, Geovanna Ba\u00f1uelos de la Torre, lament\u00f3 que la promesa de que a trabajo igual salario igual sea una promesa incumplida, sobre todo porque \u201cesa desigualdad es una manifestaci\u00f3n profunda de las manifestaciones que han colocado a las mujeres en desventaja laboral durante d\u00e9cadas; este dictamen obedece a la necesidad de un pa\u00eds m\u00e1s justo\u201d.<\/p>\n\n\n\n<p>Sasil de Le\u00f3n Villard, senadora de Morena y promovente de la iniciativa de reforma, agradeci\u00f3 el respaldo al dictamen que, indic\u00f3, tiene un significado jur\u00eddico, social y \u00e9tico muy profundo, porque detr\u00e1s de cada diferencia salarial injustificada hay una forma de discriminaci\u00f3n que limita el desarrollo de las mujeres y que afecta a sus familias.<\/p>\n\n\n\n<p><strong>Humanidades, Ciencia y Tecnolog\u00eda de la senadora Virginia Maga\u00f1a Fonseca<\/strong><\/p>\n\n\n\n<p>Sostuvo que las brechas en ciencia y tecnolog\u00eda&nbsp; no responden a capacidades distintas, sino a barreras hist\u00f3ricas, culturales y estructurales que influyen desde la formaci\u00f3n educativa hasta la inserci\u00f3n en el mercado laboral y en los espacios de generaci\u00f3n de conocimiento.<\/p>\n\n\n\n<p>Resalt\u00f3 que&nbsp; no es una falta de capacidad, sino de un contexto que hist\u00f3ricamente hemos tenido las mujeres.&nbsp;<\/p>\n\n\n\n<p>Dijo que desde el Partido Verde Ecologista de M\u00e9xico se impuls\u00f3 esta&nbsp; iniciativa porque est\u00e1n&nbsp; convencidas y convencidos de que el desarrollo cient\u00edfico de nuestro pa\u00eds debe construirse con igualdad de oportunidades, incorporando plenamente el talento de todas las mujeres y las ni\u00f1as.<\/p>\n\n\n\n<p>El&nbsp; dictamen&nbsp; propone incorporar en la ley un mandato claro para que el Estado promueva acciones que fomenten el acceso, la formaci\u00f3n y la participaci\u00f3n de ni\u00f1as y mujeres en estudios y actividades relacionadas con la ciencia, tecnolog\u00eda e innovaci\u00f3n.<\/p>\n\n\n\n<p>La&nbsp; modificaci\u00f3n se establece como una responsabilidad de coordinaci\u00f3n entre el gobierno federal y las entidades federativas para impulsar vocaciones cient\u00edficas, ampliar oportunidades educativas y fortalecer la presencia de las mujeres en todos estos campos.<\/p>\n\n\n\n<p>El objetivo est\u00e1 muy claro: que cada vez m\u00e1s ni\u00f1as y j\u00f3venes encuentren en la ciencia, la tecnolog\u00eda y la innovaci\u00f3n espacios posibles para desarrollar su talento y contribuir a nuestro pa\u00eds.<\/p>\n\n\n\n<p>Impulsar vocaciones cient\u00edficas en las mujeres no solo es una cuesti\u00f3n de justicia e igualdad; tambi\u00e9n es una condici\u00f3n necesaria para fortalecer la capacidad cient\u00edfica y tecnol\u00f3gica de nuestro M\u00e9xico, porque cuando ampliamos las oportunidades de acceso al conocimiento ampliamos tambi\u00e9n las posibilidades de desarrollo en toda la sociedad.<\/p>\n\n\n\n<p>Finalmente, la senadora expres\u00f3 su agradecimiento, a las y los integrantes de la comisi\u00f3n por el trabajo que nos trajo hasta aqu\u00ed. Su compromiso con la igualdad es parte fundamental de convertir este logro, ma\u00f1ana en un paso concreto hacia un M\u00e9xico m\u00e1s justo y con mayor igualdad de oportunidades para nosotras, las mujeres.<\/p>\n\n\n\n<p><strong>Igualdad salarial erradica pr\u00e1cticas discriminatorias en contra de las mujeres: Geovanna Ba\u00f1uelos<\/strong><\/p>\n\n\n\n<p>La reforma en materia de igualdad salarial avanza en la erradicaci\u00f3n de pr\u00e1cticas discriminatorias en contra de las mujeres al establecer expresamente que pagar un salario menor a una mujer por realizar el mismo trabajo dentro de un mismo centro laboral constituye violencia laboral, asegur\u00f3 la senadora Geovanna Ba\u00f1uelos.<\/p>\n\n\n\n<p>Al posicionar a favor del dictamen por el que se reforma el art\u00edculo 11 de la Ley General de Acceso de las Mujeres a una Vida Libre de Violencias en materia de igualdad salarial, la vicecoordinadora del Grupo Parlamentario del Partido del Trabajo lament\u00f3 que en M\u00e9xico no se cumpla con la premisa de \u201ca trabajo igual, salario igual\u201d.<\/p>\n\n\n\n<p>Por lo que dijo, reconocer esta conducta como violencia laboral es aceptar la discriminaci\u00f3n salarial que existe en el pa\u00eds y que no es s\u00f3lo una irregularidad administrativa, sino una violaci\u00f3n directa a los derechos de las mujeres.<\/p>\n\n\n\n<p>\u201cReconocer la desigualdad salarial como una forma de violencia laboral es un acto de justicia y tambi\u00e9n un acto de congruencia con la lucha hist\u00f3rica de millones de mujeres que durante d\u00e9cadas hemos exigido que nuestro trabajo sea valorado en igualdad de condiciones\u201d.<\/p>\n\n\n\n<figure class=\"wp-block-image size-full\"><img loading=\"lazy\" width=\"400\" height=\"383\" src=\"https:\/\/visionpeninsular.com\/mid\/wp-content\/uploads\/2026\/03\/en-este-sentido-geovana-banuelos.jpg\" alt=\"\" class=\"wp-image-211864\" srcset=\"https:\/\/visionpeninsular.com\/mid\/wp-content\/uploads\/2026\/03\/en-este-sentido-geovana-banuelos.jpg 400w, https:\/\/visionpeninsular.com\/mid\/wp-content\/uploads\/2026\/03\/en-este-sentido-geovana-banuelos-300x287.jpg 300w\" sizes=\"(max-width: 400px) 100vw, 400px\" \/><\/figure>\n\n\n\n<p>En este sentido, Geovanna Ba\u00f1uelos se\u00f1al\u00f3 que la igualdad se construye erradicando las violencias que persisten y enfrent\u00e1ndolas con decisiones legislativas y administrativas firmes.<\/p>\n\n\n\n<p>\u201cCada paso que damos para garantizar condiciones laborales justas para las mujeres fortalece no s\u00f3lo la dignidad de quienes trabajan todos los d\u00edas para sacar adelante a sus familias, sino tambi\u00e9n para el desarrollo del pa\u00eds\u201d, asever\u00f3.<\/p>\n\n\n\n<p>Geovanna Ba\u00f1uelos resalt\u00f3 que la desigualdad salarial no es \u00fanicamente una diferencia en el ingreso, sino una manifestaci\u00f3n profunda de las estructuras que han colocado a las mujeres en condiciones de desventaja econ\u00f3mica y laboral durante d\u00e9cadas.<\/p>\n\n\n\n<p>\u201cCuando una mujer recibe un salario menor por el mismo trabajo, no s\u00f3lo se vulnera su derecho a la igualdad, tambi\u00e9n se limita su autonom\u00eda, su bienestar y las oportunidades que se le pueda brindar a su familia\u201d, agreg\u00f3 la l\u00edder petista.<\/p>\n\n\n\n<p>Por ello, dijo, desde el Partido del Trabajo seguir\u00e9 legislando del lado de la justicia social, del lado de las mujeres y de quienes hist\u00f3ricamente han sido excluidas, convencidas de que s\u00f3lo as\u00ed se avanzar\u00e1 hacia un pa\u00eds m\u00e1s justo, m\u00e1s igualitario, y verdaderamente transformador.<\/p>\n\n\n\n<p>Presentan diputadas y diputados 26 iniciativas para modificar la Constituci\u00f3n Pol\u00edtica y diversas normas legales; intervienen representantes de Morena, PAN, PVEM, PT, PRI y MC<\/p>\n\n\n\n<p>Diputadas y diputados de Morena, PAN, PVEM, PT, PRI y MC presentaron 26 iniciativas sobre personas adultas mayores, red nacional de refugios, colorantes artificiales, atenci\u00f3n a lesiones por quemaduras, competitividad pesquera y acu\u00edcola, faltas administrativas graves, servicios bancarios, traici\u00f3n a la patria, personal en formaci\u00f3n m\u00e9dica, fondo para infraestructura hidr\u00e1ulica, infraestructura vial y programas de electrificaci\u00f3n<\/p>\n\n\n\n<p>Tambi\u00e9n, en materia de ISR a madres solteras o cuidadoras, beneficios fiscales, violencia digital de g\u00e9nero, licencias por maternidad y paternidad, trata de personas, reventa de boletos, ciberacoso, prevenci\u00f3n de la violencia digital, seguros de gastos m\u00e9dicos mayores, trasplante pareado o cruzado, polarizado en veh\u00edculos oficiales de seguridad p\u00fablica, leyenda \u201cTratados de C\u00f3rdoba, 24 de agosto de 1821\u201d y medalla \u201cCarlos Bremer\u201d.<\/p>\n\n\n\n<p><strong>Acompa\u00f1ar a personas adultas mayores en sus tr\u00e1mites<\/strong><\/p>\n\n\n\n<p>El diputado Juan Carlos Varela Dom\u00ednguez (Morena) impulsa&nbsp; adicionar el art\u00edculo 28 Bis a la Ley de los Derechos de las Personas Adultas Mayores,&nbsp; para que las personas adultas mayores tengan derecho a ser acompa\u00f1adas por una persona de su confianza en cualquier tr\u00e1mite, gesti\u00f3n o procedimiento administrativo que realicen ante dependencias y entidades de la Administraci\u00f3n P\u00fablica Federal, instituciones de seguridad social, organismos fiscales, entidades financieras reguladas por autoridades federales, as\u00ed como ante cualquier otro ente que ejerza funciones p\u00fablicas o preste servicios de inter\u00e9s p\u00fablico. Se turn\u00f3 a la Comisi\u00f3n de Atenci\u00f3n a Grupos Vulnerables.<\/p>\n\n\n\n<p><strong>Reforzar la red nacional de refugios<\/strong><\/p>\n\n\n\n<p>Teresa Ginez Serrano, diputada del PAN, present\u00f3 iniciativa que adiciona el art\u00edculo 4\u00b0 de la Constituci\u00f3n Pol\u00edtica, con la intenci\u00f3n de que el Estado promueva, proteja y haga valer el derecho de las mujeres a una vida libre de violencia, al garantizar en cada ejercicio fiscal los recursos presupuestarios y humanos suficientes para reforzar la red nacional de refugios, y as\u00ed fortalecer su infraestructura y prestaci\u00f3n del servicio. Se canaliz\u00f3 a la Comisi\u00f3n de Puntos Constitucionales.<\/p>\n\n\n\n<p><strong>Atenci\u00f3n a personas con lesiones por quemaduras<\/strong><\/p>\n\n\n\n<p>A la Comisi\u00f3n de Salud, se remiti\u00f3 una iniciativa de la diputada Ofelia Socorro Jasso Nieto (PRI) que adiciona diversas disposiciones a la Ley General de Salud y reforma el art\u00edculo 5 de la Ley de los Institutos Nacionales de Salud, a fin de establecer la atenci\u00f3n m\u00e9dica especializada e integral a todas las personas que sufran quemaduras, y crear los institutos nacionales de Reconstrucci\u00f3n y Atenci\u00f3n de Quemadura y el de Atenci\u00f3n Integral de Quemaduras en Ni\u00f1ez y Adolescencia.<\/p>\n\n\n\n<p><strong>Tipificar el delito de ciberacoso<\/strong><\/p>\n\n\n\n<p>La diputada Lilia Aguilar Gil (PT) present\u00f3 reformas al C\u00f3digo Penal Federal, para tipificar el delito de ciberacoso, el cual se perseguir\u00e1 a petici\u00f3n de la parte ofendida y se impondr\u00e1 pena de 11 meses a 6 a\u00f1os de prisi\u00f3n y hasta seiscientas veces el valor diario de la Unidad de Medida y Actualizaci\u00f3n.<\/p>\n\n\n\n<p>Cometer\u00e1 ese delito quien persiga, hostigue, amenace o asedie a otra persona por medio de tecnolog\u00edas de la informaci\u00f3n y la comunicaci\u00f3n tales como redes sociales, mensajer\u00eda instant\u00e1nea, correos electr\u00f3nicos u otro medio o espacio digital; a trav\u00e9s del env\u00edo de texto, videos, im\u00e1genes, voces, sonidos o cualquier otro contenido que puede o no tener una connotaci\u00f3n sexual y que causa da\u00f1o a la dignidad, integridad psicol\u00f3gica o seguridad de la v\u00edctima. Se turn\u00f3 a la Comisi\u00f3n de Justicia.<\/p>\n\n\n\n<p><strong>Tarifas diferenciadas de ISR a madres solteras o cuidadoras<\/strong><\/p>\n\n\n\n<p>La diputada Ariana del Roc\u00edo Rej\u00f3n Lara (PR) present\u00f3 cuatro iniciativas. Una, reforma los art\u00edculos 96 y 98 de la Ley del Impuesto Sobre la Renta (ISR) para se\u00f1alar que a las contribuyentes que perciban ingresos por salarios y que acrediten ser madres solteras, madres que tengan a su cargo el cuidado principal de un familiar enfermo, o sean madres de una persona con discapacidad, la retenci\u00f3n se calcular\u00e1 con una tarifa diferenciada, equivalente a 25 por ciento. Fue enviada a la Comisi\u00f3n de Hacienda y Cr\u00e9dito P\u00fablico.<\/p>\n\n\n\n<p><strong>Crear Ley General para Prevenir y Sancionar la Violencia Digital de G\u00e9nero<\/strong><\/p>\n\n\n\n<p>En la tercera iniciativa busca expedir la Ley General para Prevenir y Sancionar la Violencia Digital de G\u00e9nero, a efecto de establecer la coordinaci\u00f3n entre la Federaci\u00f3n, las entidades federativas, la Ciudad de M\u00e9xico y los municipios para prevenir, atender, proteger, investigar, sancionar y, en su caso, erradicar la violencia digital de g\u00e9nero, garantizando el derecho de las mujeres, adolescentes y ni\u00f1as a una vida libre de dichas violencias en el \u00e1mbito digital. Se turn\u00f3 a las comisiones unidas de Igualdad de G\u00e9nero y de Justicia para dictamen, y a la Comisi\u00f3n de Presupuesto y Cuenta P\u00fablica para opini\u00f3n.<\/p>\n\n\n\n<p><strong>Ampliar y homologar licencias por maternidad y paternidad<\/strong><\/p>\n\n\n\n<p>Una m\u00e1s, modifica diversas disposiciones de la Ley Federal del Trabajo, para ampliar la licencia de maternidad a 10 semanas antes y despu\u00e9s del nacimiento, y homologarla con la de paternidad; prohibir el trabajo y teletrabajo fuera del horario laboral durante el embarazo, ampliar el descanso postnatal hasta 12 semanas si el hijo requiere atenciones m\u00e9dicas especiales e incrementar 80 por ciento el salario en estos casos, y que la mujer tenga derecho a reincorporarse a su trabajo hasta un a\u00f1o y medio despu\u00e9s del parto. Fue remitida a la Comisi\u00f3n de Trabajo y Previsi\u00f3n Social.<\/p>\n\n\n\n<p><strong>Integraci\u00f3n de comisi\u00f3n intersecretarial sobre trata de personas<\/strong><\/p>\n\n\n\n<p>El diputado Jos\u00e9 Luis Hern\u00e1ndez P\u00e9rez (PVEM) dio lectura a la propuesta de reforma al art\u00edculo 85 de la Ley General para Prevenir, Sancionar y Erradicar los Delitos en Materia de Trata de Personas y para la Protecci\u00f3n y Asistencia a las V\u00edctimas de estos Delitos, a fin de considerar a la Comisi\u00f3n Ejecutiva de Atenci\u00f3n a V\u00edctimas y a las secretar\u00edas de Seguridad y Protecci\u00f3n Ciudadana, de Bienestar, de las Mujeres, de Hacienda y Cr\u00e9dito P\u00fablico, en la integraci\u00f3n de la Comisi\u00f3n Intersecretarial para Prevenir, Sancionar y Erradicar los delitos de trata de personas. Se canaliz\u00f3 a la Comisi\u00f3n de Derechos Humanos.<\/p>\n\n\n\n<p><strong>Prevenci\u00f3n de la violencia digital y el ciberacoso<\/strong><\/p>\n\n\n\n<p>Con el prop\u00f3sito de que las autoridades implementen pol\u00edticas p\u00fablicas, programas y acciones espec\u00edficas para la prevenci\u00f3n, detecci\u00f3n y atenci\u00f3n de la violencia digital y el ciberacoso, promoviendo el uso seguro, responsable y respetuoso de las tecnolog\u00edas de la informaci\u00f3n y la comunicaci\u00f3n, as\u00ed como la cultura de la paz en los entornos digitales, la diputada Mar\u00eda Rosete (Morena) plante\u00f3 reformar el primero y segundo p\u00e1rrafo del art\u00edculo 47 y adicionar un art\u00edculo 101 Bis 4 a la Ley General de los Derechos de Ni\u00f1as, Ni\u00f1os y Adolescentes. Se envi\u00f3 a la Comisi\u00f3n de Derechos de la Ni\u00f1ez y Adolescencia.<\/p>\n\n\n\n<p><strong>Ampliar la licencia de maternidad<\/strong> \u00a0\u00a0\u00a0\u00a0\u00a0\u00a0\u00a0\u00a0 Arturo Olivares Cerda, diputado de Morena, present\u00f3 reforma al art\u00edculo 123 de la Constituci\u00f3n Pol\u00edtica, a efecto de ampliar la licencia de maternidad y puedan gozar de un descanso de seis semanas anteriores a la fecha fijada aproximadamente para el parto y doce semanas posteriores al mismo. Ser\u00e1 analizada por la Comisi\u00f3n de Puntos Constitucionales.<\/p>\n<div class='share-to-whatsapp-wrapper'><div class='share-on-whsp'>Share on: <\/div><a data-text='8M: avalancha de iniciativas y dict\u00e1menes: igualdad salarial ; promover humanidades, ciencia y tecnolog\u00eda para las ni\u00f1as y  reforzar la Red Nacional de Refugios' data-link='https:\/\/visionpeninsular.com\/mid\/8m-avalancha-de-iniciativas-y-dictamenes-igualdad-salarial-promover-humanidades-ciencia-y-tecnologia-para-las-ninas-y-reforzar-la-red-nacional-de-refugios\/' class='whatsapp-button whatsapp-share'>WhatsApp<\/a><div class='clear '><\/div><\/div>","protected":false},"excerpt":{"rendered":"<p>Febril&nbsp; actividad&nbsp; en ambas c\u00e1maras, con iniciativas y discusiones para favorecer a las madres, para atender adultas mayores y para analizar la trata y el acoso: 29 iniciativas en dos d\u00edasFue marzo, el mes de la mujer, que empuj\u00f3 discusiones de c\u00f3mo promover a las mujeres, luego de las miles y miles de mujeres que &hellip;<\/p>\n","protected":false},"author":5,"featured_media":211863,"comment_status":"open","ping_status":"open","sticky":false,"template":"","format":"standard","meta":{"_mi_skip_tracking":false},"categories":[19567],"tags":[15070,53117,45569,53119,53120],"_links":{"self":[{"href":"https:\/\/visionpeninsular.com\/mid\/wp-json\/wp\/v2\/posts\/211861"}],"collection":[{"href":"https:\/\/visionpeninsular.com\/mid\/wp-json\/wp\/v2\/posts"}],"about":[{"href":"https:\/\/visionpeninsular.com\/mid\/wp-json\/wp\/v2\/types\/post"}],"author":[{"embeddable":true,"href":"https:\/\/visionpeninsular.com\/mid\/wp-json\/wp\/v2\/users\/5"}],"replies":[{"embeddable":true,"href":"https:\/\/visionpeninsular.com\/mid\/wp-json\/wp\/v2\/comments?post=211861"}],"version-history":[{"count":1,"href":"https:\/\/visionpeninsular.com\/mid\/wp-json\/wp\/v2\/posts\/211861\/revisions"}],"predecessor-version":[{"id":211865,"href":"https:\/\/visionpeninsular.com\/mid\/wp-json\/wp\/v2\/posts\/211861\/revisions\/211865"}],"wp:featuredmedia":[{"embeddable":true,"href":"https:\/\/visionpeninsular.com\/mid\/wp-json\/wp\/v2\/media\/211863"}],"wp:attachment":[{"href":"https:\/\/visionpeninsular.com\/mid\/wp-json\/wp\/v2\/media?parent=211861"}],"wp:term":[{"taxonomy":"category","embeddable":true,"href":"https:\/\/visionpeninsular.com\/mid\/wp-json\/wp\/v2\/categories?post=211861"},{"taxonomy":"post_tag","embeddable":true,"href":"https:\/\/visionpeninsular.com\/mid\/wp-json\/wp\/v2\/tags?post=211861"}],"curies":[{"name":"wp","href":"https:\/\/api.w.org\/{rel}","templated":true}]}}