{"id":211772,"date":"2026-03-10T17:04:07","date_gmt":"2026-03-10T23:04:07","guid":{"rendered":"https:\/\/visionpeninsular.com\/mid\/?p=211772"},"modified":"2026-03-10T17:04:13","modified_gmt":"2026-03-10T23:04:13","slug":"palabra-de-antigona-incomprensible","status":"publish","type":"post","link":"https:\/\/visionpeninsular.com\/mid\/palabra-de-antigona-incomprensible\/","title":{"rendered":"Palabra de Ant\u00edgona| Incomprensible"},"content":{"rendered":"\n<p>Por:SemM\u00e9xico<\/p>\n\n\n\n<p>Sara Lovera<\/p>\n\n\n\n<p>SemM\u00e9xico, Cd. de M\u00e9xico, 9 de marzo, 2026.- Dec\u00eda Jes\u00fas Reyes Heroles que en pol\u00edtica la forma es fondo. Por primera vez en la historia, la oficialidad conmemora el 8 de marzo en un espacio militar. El Campo Marte, que en 1968, funcion\u00f3 como base log\u00edstica desde donde columnas militares se desplazaron hacia Tlatelolco.<\/p>\n\n\n\n<p>&nbsp;Tras la matanza, muchos detenidos fueron trasladados al Campo Marte, uno de los puntos clave de la coordinaci\u00f3n militar de los funestos hechos de la Masacre de Tlatelolco. \u00bfPor qu\u00e9 eligi\u00f3 ese sitio?<\/p>\n\n\n\n<p>Ah\u00ed, la presidenta hizo un discurso que explica claramente lo que piensa que somos las mujeres: tejedoras de la patria y servidoras de la naci\u00f3n. Nuestros valores, el sacrificio y el amor; nuestra misi\u00f3n, dar la vida por el pueblo. Y s\u00ed, consider\u00f3 que hemos avanzado, ocupando espacios en todas las actividades, siempre con disciplina y responsabilidad. Es decir, nos describi\u00f3 desde la concepci\u00f3n m\u00e1s tradicional que imaginamos. Reafirm\u00f3 esa visi\u00f3n que explica la ausencia absoluta de una pol\u00edtica de g\u00e9nero. Y arranc\u00f3 llamando al reconocimiento de las mujeres de las fuerzas armadas, por su entereza.<\/p>\n\n\n\n<p>El 8 de marzo, en M\u00e9xico, encabezado por una primera mujer, no dignifica el derecho a nuestras libertades, ni a nuestros cuerpos, ni a la justicia. Habl\u00f3 desde la tribuna del poder militar, el m\u00e1s simb\u00f3lico de la fuerza masculina: el poder no de la raz\u00f3n, sino de la guerra; el poder mis\u00f3gino que exige obediencia y sumisi\u00f3n al sistema y al proyecto de naci\u00f3n en turno.<\/p>\n\n\n\n<p>Me pregunto cu\u00e1l es el mensaje presidencial. \u00bfEs un recurso de la presidenta para sus adversarios dentro de Morena? \u00bfEs el uso del D\u00eda Internacional de la Mujer para reafirmarse como jefa de Estado y de las fuerzas armadas?&nbsp; \u00bfEs, tal vez, un mensaje simb\u00f3lico para advertir que deben aprobarse sus propuestas electorales?<\/p>\n\n\n\n<p>Olvid\u00f3 la presidenta, en su discurso hist\u00f3rico, a las v\u00edctimas del feminicidio; olvid\u00f3 las obligaciones de su gobierno para acabar con el binomio pol\u00edticos\/narcos que ha segado las vidas de hijos e hijas de millones de mexicanas. \u00bfQu\u00e9 nos quiso decir a quienes no queremos el sacrificio de las mujeres ni la renuncia a sus demandas? \u00bfDe qu\u00e9 mexicanas hablaba?<\/p>\n\n\n\n<p>El feminismo, en 1910, plante\u00f3 precisamente c\u00f3mo limitar a los ej\u00e9rcitos y tejer no la patria, sino la matria: un camino donde las mujeres, en igualdad, olvidaran que deben sacrificarse para sobrevivir y recobrar sus cuerpos y sus vidas.<\/p>\n\n\n\n<p>Olvid\u00f3 la presidenta que, en 2026, el reclamo de la Organizaci\u00f3n de las Naciones Unidas es justicia para las mujeres: justicia laboral, justicia frente a la impunidad y justicia para migrantes y desplazadas por la violencia militar y paramilitar.en 2026 el reclamo de <\/p>\n\n\n\n<p>Tristemente, no es tiempo de mujeres, sino de s\u00fabditas, a quienes&nbsp; se les reclama valor y sacrificio por la patria. Veremos<\/p>\n\n\n\n<p><strong><em>*Periodista. Editora de G\u00e9nero en la OEM y directora del portal informativo semmexico.mx<\/em><\/strong><\/p>\n<div class='share-to-whatsapp-wrapper'><div class='share-on-whsp'>Share on: <\/div><a data-text='Palabra de Ant\u00edgona| Incomprensible' data-link='https:\/\/visionpeninsular.com\/mid\/palabra-de-antigona-incomprensible\/' class='whatsapp-button whatsapp-share'>WhatsApp<\/a><div class='clear '><\/div><\/div>","protected":false},"excerpt":{"rendered":"<p>Por:SemM\u00e9xico Sara Lovera SemM\u00e9xico, Cd. de M\u00e9xico, 9 de marzo, 2026.- Dec\u00eda Jes\u00fas Reyes Heroles que en pol\u00edtica la forma es fondo. Por primera vez en la historia, la oficialidad conmemora el 8 de marzo en un espacio militar. El Campo Marte, que en 1968, funcion\u00f3 como base log\u00edstica desde donde columnas militares se desplazaron &hellip;<\/p>\n","protected":false},"author":5,"featured_media":201987,"comment_status":"open","ping_status":"open","sticky":false,"template":"","format":"standard","meta":{"_mi_skip_tracking":false},"categories":[44],"tags":[53047,53053,53050],"_links":{"self":[{"href":"https:\/\/visionpeninsular.com\/mid\/wp-json\/wp\/v2\/posts\/211772"}],"collection":[{"href":"https:\/\/visionpeninsular.com\/mid\/wp-json\/wp\/v2\/posts"}],"about":[{"href":"https:\/\/visionpeninsular.com\/mid\/wp-json\/wp\/v2\/types\/post"}],"author":[{"embeddable":true,"href":"https:\/\/visionpeninsular.com\/mid\/wp-json\/wp\/v2\/users\/5"}],"replies":[{"embeddable":true,"href":"https:\/\/visionpeninsular.com\/mid\/wp-json\/wp\/v2\/comments?post=211772"}],"version-history":[{"count":1,"href":"https:\/\/visionpeninsular.com\/mid\/wp-json\/wp\/v2\/posts\/211772\/revisions"}],"predecessor-version":[{"id":211774,"href":"https:\/\/visionpeninsular.com\/mid\/wp-json\/wp\/v2\/posts\/211772\/revisions\/211774"}],"wp:featuredmedia":[{"embeddable":true,"href":"https:\/\/visionpeninsular.com\/mid\/wp-json\/wp\/v2\/media\/201987"}],"wp:attachment":[{"href":"https:\/\/visionpeninsular.com\/mid\/wp-json\/wp\/v2\/media?parent=211772"}],"wp:term":[{"taxonomy":"category","embeddable":true,"href":"https:\/\/visionpeninsular.com\/mid\/wp-json\/wp\/v2\/categories?post=211772"},{"taxonomy":"post_tag","embeddable":true,"href":"https:\/\/visionpeninsular.com\/mid\/wp-json\/wp\/v2\/tags?post=211772"}],"curies":[{"name":"wp","href":"https:\/\/api.w.org\/{rel}","templated":true}]}}