{"id":211765,"date":"2026-03-10T16:23:41","date_gmt":"2026-03-10T22:23:41","guid":{"rendered":"https:\/\/visionpeninsular.com\/mid\/?p=211765"},"modified":"2026-03-10T16:23:51","modified_gmt":"2026-03-10T22:23:51","slug":"demandas-legitimas-de-la-mayoria-de-las-activistas-en-la-marcha-8m-dice-sheinbaum","status":"publish","type":"post","link":"https:\/\/visionpeninsular.com\/mid\/demandas-legitimas-de-la-mayoria-de-las-activistas-en-la-marcha-8m-dice-sheinbaum\/","title":{"rendered":"Demandas leg\u00edtimas de la mayor\u00eda de las activistas en la marcha 8M, dice Sheinbaum"},"content":{"rendered":"\n<p>Por: SemM\u00e9xico<\/p>\n\n\n\n<ul><li><strong><em>Expuso que hubo una minor\u00eda que actu\u00f3 con violencia, incluso hab\u00eda hombres<\/em><\/strong><\/li><li><strong><em>Fueron manifestaciones pac\u00edficas las que se registraron en el pa\u00eds, dice la presidenta<\/em><\/strong><\/li><\/ul>\n\n\n\n<p>Lizbeth \u00c1lvarez Mart\u00ednez.<\/p>\n\n\n\n<p>SemM\u00e9xico, Ciudad de M\u00e9xico, 9 de marzo, 2026.- Pese a que la presidenta Claudia Sheinbaum asegur\u00f3 que la mayor\u00eda de las marchas realizadas en el pa\u00eds, para conmemorar el D\u00eda Internacional de la Mujer fueron pac\u00edficas, rechaz\u00f3 los actos violentos de un grupo minoritario, sobre todo en el Z\u00f3calo de la Ciudad de M\u00e9xico.<\/p>\n\n\n\n<p>Durante la conferencia ma\u00f1anera desde el hospital oncol\u00f3gico del IMSS Bienestar en la alcald\u00eda Gustavo A. Madero, la mandataria destac\u00f3 que, en dichos actos, incluyeron el intento de tirar las vallas que proteg\u00edan Palacio Nacional y la Catedral Metropolitana, hubo participaci\u00f3n de hombres.<\/p>\n\n\n\n<p>Actos violentos con los que no estamos de acuerdo, dijo la presidenta, quien reiter\u00f3 que hab\u00eda muchos hombres en los actos violentos que emprendieron un grupo minoritario de activistas, la mayor\u00eda de las activistas tienen demandas leg\u00edtimas.<\/p>\n\n\n\n<p>\u201cEn la mayor\u00eda de las entidades de la Rep\u00fablica fueron manifestaciones pac\u00edficas, dir\u00eda en todas. Aqu\u00ed en la Ciudad de M\u00e9xico fue una marcha de alrededor de cien mil mujeres, pac\u00edfica, que demandaban alto a la violencia contra las mujeres, adem\u00e1s de otras leg\u00edtimas demandas\u201d.<\/p>\n\n\n\n<p>Record\u00f3 que el domingo, encabez\u00f3 un evento en Campo Marte con el objetivo de reconocer la labor de mujeres de las Fuerzas Armadas del pa\u00eds y se\u00f1al\u00f3 que seguir\u00e1n los actos para homenajear a las mujeres de otros sectores como m\u00e9dicas o campesinas.<\/p>\n\n\n\n<p>Tambi\u00e9n dio a conocer que ser\u00e1n abiertos m\u00e1s Centros Libre para impulsar a las mujeres, quienes podr\u00e1n recibir orientaci\u00f3n en materia de erradicaci\u00f3n de violencia y acceso a distintos derechos.<\/p>\n\n\n\n<p>SEM\/ea\/sj<\/p>\n<div class='share-to-whatsapp-wrapper'><div class='share-on-whsp'>Share on: <\/div><a data-text='Demandas leg\u00edtimas de la mayor\u00eda de las activistas en la marcha 8M, dice Sheinbaum' data-link='https:\/\/visionpeninsular.com\/mid\/demandas-legitimas-de-la-mayoria-de-las-activistas-en-la-marcha-8m-dice-sheinbaum\/' class='whatsapp-button whatsapp-share'>WhatsApp<\/a><div class='clear '><\/div><\/div>","protected":false},"excerpt":{"rendered":"<p>Por: SemM\u00e9xico Expuso que hubo una minor\u00eda que actu\u00f3 con violencia, incluso hab\u00eda hombresFueron manifestaciones pac\u00edficas las que se registraron en el pa\u00eds, dice la presidenta Lizbeth \u00c1lvarez Mart\u00ednez. SemM\u00e9xico, Ciudad de M\u00e9xico, 9 de marzo, 2026.- Pese a que la presidenta Claudia Sheinbaum asegur\u00f3 que la mayor\u00eda de las marchas realizadas en el pa\u00eds, &hellip;<\/p>\n","protected":false},"author":5,"featured_media":211767,"comment_status":"open","ping_status":"open","sticky":false,"template":"","format":"standard","meta":{"_mi_skip_tracking":false},"categories":[19567],"tags":[15070,53040,53038],"_links":{"self":[{"href":"https:\/\/visionpeninsular.com\/mid\/wp-json\/wp\/v2\/posts\/211765"}],"collection":[{"href":"https:\/\/visionpeninsular.com\/mid\/wp-json\/wp\/v2\/posts"}],"about":[{"href":"https:\/\/visionpeninsular.com\/mid\/wp-json\/wp\/v2\/types\/post"}],"author":[{"embeddable":true,"href":"https:\/\/visionpeninsular.com\/mid\/wp-json\/wp\/v2\/users\/5"}],"replies":[{"embeddable":true,"href":"https:\/\/visionpeninsular.com\/mid\/wp-json\/wp\/v2\/comments?post=211765"}],"version-history":[{"count":1,"href":"https:\/\/visionpeninsular.com\/mid\/wp-json\/wp\/v2\/posts\/211765\/revisions"}],"predecessor-version":[{"id":211768,"href":"https:\/\/visionpeninsular.com\/mid\/wp-json\/wp\/v2\/posts\/211765\/revisions\/211768"}],"wp:featuredmedia":[{"embeddable":true,"href":"https:\/\/visionpeninsular.com\/mid\/wp-json\/wp\/v2\/media\/211767"}],"wp:attachment":[{"href":"https:\/\/visionpeninsular.com\/mid\/wp-json\/wp\/v2\/media?parent=211765"}],"wp:term":[{"taxonomy":"category","embeddable":true,"href":"https:\/\/visionpeninsular.com\/mid\/wp-json\/wp\/v2\/categories?post=211765"},{"taxonomy":"post_tag","embeddable":true,"href":"https:\/\/visionpeninsular.com\/mid\/wp-json\/wp\/v2\/tags?post=211765"}],"curies":[{"name":"wp","href":"https:\/\/api.w.org\/{rel}","templated":true}]}}