{"id":211761,"date":"2026-03-10T16:10:23","date_gmt":"2026-03-10T22:10:23","guid":{"rendered":"https:\/\/visionpeninsular.com\/mid\/?p=211761"},"modified":"2026-03-10T16:10:31","modified_gmt":"2026-03-10T22:10:31","slug":"aprueban-dictamen-para-declarar-dia-nacional-sin-nosotras-el-9-de-marzo","status":"publish","type":"post","link":"https:\/\/visionpeninsular.com\/mid\/aprueban-dictamen-para-declarar-dia-nacional-sin-nosotras-el-9-de-marzo\/","title":{"rendered":"Aprueban dictamen para declarar D\u00eda Nacional sin Nosotras, el 9 de marzo"},"content":{"rendered":"\n<p>Por:SemM\u00e9xico<\/p>\n\n\n\n<ul><li><strong><em>Buscan concientizar sobre el papel que desempe\u00f1an las mujeres en todos los \u00e1mbitos<\/em><\/strong><\/li><li><strong><em>Una protesta pac\u00edfica para evidenciar las profundas desigualdades estructurales<\/em><\/strong><\/li><\/ul>\n\n\n\n<p>Redacci\u00f3n<\/p>\n\n\n\n<p>SemM\u00e9xico, Ciudad de M\u00e9xico, 9 de marzo, 2026.- Por unanimidad, con 15 votos a favor, la Comisi\u00f3n de Estudios Legislativos Primera, que preside el senador Manuel Huerta Ladr\u00f3n de Guevara, aprob\u00f3 el dictamen para declarar el 9 de marzo como \u201cD\u00eda Nacional Sin Nosotras\u201d, a fin de hacer conciencia sobre el papel que desempe\u00f1an las mujeres en todos los \u00e1mbitos de la vida social, pol\u00edtica, econ\u00f3mica y cultural del pa\u00eds.<\/p>\n\n\n\n<p>Al respecto, el senador Emmanuel Reyes Carmona, de Morena, dijo que esta propuesta tiene su origen en un movimiento social, el cual ha logrado trascender las fronteras y ha permeado exitosamente en diversos pa\u00edses del mundo.<\/p>\n\n\n\n<p>\u201cLas mujeres han recurrido a la suspensi\u00f3n colectiva de actividades, como una protesta pac\u00edfica para evidenciar las profundas desigualdades estructurales que a\u00fan persisten, para denunciar las distintas formas de violencias que enfrentan en su vida cotidiana\u201d, recalc\u00f3.<\/p>\n\n\n\n<p>Record\u00f3 que en M\u00e9xico esta manifestaci\u00f3n adquiri\u00f3 una gran dimensi\u00f3n el 9 de marzo de 2020, cuando millones de mujeres decidieron suspender sus actividades laborales, educativas y sociales para demostrar, a trav\u00e9s de su ausencia, el impacto que tiene su participaci\u00f3n en la vida nacional.<\/p>\n\n\n\n<p>El legislador manifest\u00f3 que la declaratoria del D\u00eda Nacional Sin Nosotras busca reconocer el significado social de un movimiento que ha contribuido a abrir una conversaci\u00f3n nacional sobre la igualdad sustantiva, la violencia de g\u00e9nero y la necesidad de construir una sociedad m\u00e1s justa.<\/p>\n\n\n\n<p>Refiri\u00f3 que esta propuesta encuentra sustento en el art\u00edculo 4\u00ba constitucional, que reconoce la igualdad entre mujeres y hombres, as\u00ed como el deber del Estado de garantizar a todas las personas una vida libre de violencias. <\/p>\n\n\n\n<p>SEM\/sj<\/p>\n<div class='share-to-whatsapp-wrapper'><div class='share-on-whsp'>Share on: <\/div><a data-text='Aprueban dictamen para declarar D\u00eda Nacional sin Nosotras, el 9 de marzo' data-link='https:\/\/visionpeninsular.com\/mid\/aprueban-dictamen-para-declarar-dia-nacional-sin-nosotras-el-9-de-marzo\/' class='whatsapp-button whatsapp-share'>WhatsApp<\/a><div class='clear '><\/div><\/div>","protected":false},"excerpt":{"rendered":"<p>Por:SemM\u00e9xico Buscan concientizar sobre el papel que desempe\u00f1an las mujeres en todos los \u00e1mbitosUna protesta pac\u00edfica para evidenciar las profundas desigualdades estructurales Redacci\u00f3n SemM\u00e9xico, Ciudad de M\u00e9xico, 9 de marzo, 2026.- Por unanimidad, con 15 votos a favor, la Comisi\u00f3n de Estudios Legislativos Primera, que preside el senador Manuel Huerta Ladr\u00f3n de Guevara, aprob\u00f3 el &hellip;<\/p>\n","protected":false},"author":5,"featured_media":211763,"comment_status":"open","ping_status":"open","sticky":false,"template":"","format":"standard","meta":{"_mi_skip_tracking":false},"categories":[19567],"tags":[19851,19670],"_links":{"self":[{"href":"https:\/\/visionpeninsular.com\/mid\/wp-json\/wp\/v2\/posts\/211761"}],"collection":[{"href":"https:\/\/visionpeninsular.com\/mid\/wp-json\/wp\/v2\/posts"}],"about":[{"href":"https:\/\/visionpeninsular.com\/mid\/wp-json\/wp\/v2\/types\/post"}],"author":[{"embeddable":true,"href":"https:\/\/visionpeninsular.com\/mid\/wp-json\/wp\/v2\/users\/5"}],"replies":[{"embeddable":true,"href":"https:\/\/visionpeninsular.com\/mid\/wp-json\/wp\/v2\/comments?post=211761"}],"version-history":[{"count":1,"href":"https:\/\/visionpeninsular.com\/mid\/wp-json\/wp\/v2\/posts\/211761\/revisions"}],"predecessor-version":[{"id":211764,"href":"https:\/\/visionpeninsular.com\/mid\/wp-json\/wp\/v2\/posts\/211761\/revisions\/211764"}],"wp:featuredmedia":[{"embeddable":true,"href":"https:\/\/visionpeninsular.com\/mid\/wp-json\/wp\/v2\/media\/211763"}],"wp:attachment":[{"href":"https:\/\/visionpeninsular.com\/mid\/wp-json\/wp\/v2\/media?parent=211761"}],"wp:term":[{"taxonomy":"category","embeddable":true,"href":"https:\/\/visionpeninsular.com\/mid\/wp-json\/wp\/v2\/categories?post=211761"},{"taxonomy":"post_tag","embeddable":true,"href":"https:\/\/visionpeninsular.com\/mid\/wp-json\/wp\/v2\/tags?post=211761"}],"curies":[{"name":"wp","href":"https:\/\/api.w.org\/{rel}","templated":true}]}}