{"id":211746,"date":"2026-03-10T14:47:25","date_gmt":"2026-03-10T20:47:25","guid":{"rendered":"https:\/\/visionpeninsular.com\/mid\/?p=211746"},"modified":"2026-03-10T14:47:29","modified_gmt":"2026-03-10T20:47:29","slug":"ellas-cantan-en-el-palacio-de-la-musica-celebra-el-talento-femenino-de-yucatan-en-el-8m","status":"publish","type":"post","link":"https:\/\/visionpeninsular.com\/mid\/ellas-cantan-en-el-palacio-de-la-musica-celebra-el-talento-femenino-de-yucatan-en-el-8m\/","title":{"rendered":"\u201cEllas Cantan\u201d en el Palacio de la M\u00fasica celebra el talento femenino de Yucat\u00e1n en el 8M"},"content":{"rendered":"\n<p>M\u00e9rida, 10 de marzo de 2026.- Con una sala completamente llena y m\u00e1s de 40 artistas en escena, el concierto \u201cEllas Cantan\u201d se convirti\u00f3 en un homenaje al talento, la presencia y la fuerza de las mujeres en la m\u00fasica yucateca.<\/p>\n\n\n\n<p>El recital, organizado por la Secretar\u00eda de la Cultura y las Artes de Yucat\u00e1n, se realiz\u00f3 en el Palacio de la M\u00fasica como parte de las actividades por el D\u00eda Internacional de la Mujer, reafirmando el compromiso institucional de respaldar la creaci\u00f3n art\u00edstica liderada por mujeres.<\/p>\n\n\n\n<p><strong>Un escenario lleno de talento femenino<\/strong><\/p>\n\n\n\n<p>La presentaci\u00f3n reuni\u00f3 a destacadas cantautoras e int\u00e9rpretes, acompa\u00f1adas por m\u00fasicas de la Orquesta T\u00edpica Yukalpet\u00e9n y el Coro Voces Claras.<\/p>\n\n\n\n<p>El \u00e9xito de la velada fue tal que parte del p\u00fablico no pudo ingresar al recinto. Ante la alta demanda, la titular de Sedeculta, Patricia Mart\u00edn Brice\u00f1o, anunci\u00f3 que el concierto se repetir\u00e1 pr\u00f3ximamente en el Teatro Armando Manzanero, anuncio que fue recibido con una ovaci\u00f3n del p\u00fablico.<\/p>\n\n\n\n<p><strong>Voces que celebran la historia musical de Yucat\u00e1n<\/strong><\/p>\n\n\n\n<p>El escenario reuni\u00f3 a artistas como Cony Ancona, Maricarmen P\u00e9rez, Emma Isabel, Mar\u00eda Teresa, Rub\u00ed, Lenny S\u00e1nchez, Conchi Garma, Beatriz Cervera, Melina Ruiz, Aeda Fernanda, Las Hermanitas Pech y Mariana Palma, adem\u00e1s de integrantes de la Orquesta T\u00edpica Yukalpet\u00e9n y del Coro Voces Claras.<\/p>\n\n\n\n<p>Durante la velada se interpretaron piezas emblem\u00e1ticas de la m\u00fasica tradicional y contempor\u00e1nea de Yucat\u00e1n, en un repertorio que tambi\u00e9n rindi\u00f3 homenaje a compositoras como Estela Puerto de Pompeyo, Josefina Patr\u00f3n de Gamboa, Ligia C\u00e1mara Blum, Ang\u00e9lica Balado y Mar\u00eda Grever.<\/p>\n\n\n\n<p>Las voces m\u00e1s destacas compartieron escenario con las voces &nbsp;emergentes, creando un di\u00e1logo musical que celebr\u00f3 tanto el legado como el futuro de la m\u00fasica yucateca.<\/p>\n\n\n\n<p><strong>Cultura y tradici\u00f3n en el mes de la trova<\/strong><\/p>\n\n\n\n<p>El concierto tambi\u00e9n forma parte de las actividades por el D\u00eda de la Trovadora y el Trovador Yucateco, organizado por Sedeculta en coordinaci\u00f3n con el Museo de la Canci\u00f3n Yucateca y agrupaciones de trovadores del estado.<\/p>\n\n\n\n<p>Entre los eventos programados destaca una callejoneada musical que partir\u00e1 del Palacio de la M\u00fasica hacia el Museo de la Canci\u00f3n Yucateca el pr\u00f3ximo 20 de marzo, adem\u00e1s de la entrega de la Medalla Pastor Cervera al trovador vallisoletano Gonzalo D\u00edaz Arz\u00e1palo.<strong>Todas las actividades ser\u00e1n gratuitas y abiertas al p\u00fablico<\/strong><\/p>\n<div class='share-to-whatsapp-wrapper'><div class='share-on-whsp'>Share on: <\/div><a data-text='\u201cEllas Cantan\u201d en el Palacio de la M\u00fasica celebra el talento femenino de Yucat\u00e1n en el 8M' data-link='https:\/\/visionpeninsular.com\/mid\/ellas-cantan-en-el-palacio-de-la-musica-celebra-el-talento-femenino-de-yucatan-en-el-8m\/' class='whatsapp-button whatsapp-share'>WhatsApp<\/a><div class='clear '><\/div><\/div>","protected":false},"excerpt":{"rendered":"<p>M\u00e9rida, 10 de marzo de 2026.- Con una sala completamente llena y m\u00e1s de 40 artistas en escena, el concierto \u201cEllas Cantan\u201d se convirti\u00f3 en un homenaje al talento, la presencia y la fuerza de las mujeres en la m\u00fasica yucateca. El recital, organizado por la Secretar\u00eda de la Cultura y las Artes de Yucat\u00e1n, &hellip;<\/p>\n","protected":false},"author":5,"featured_media":211748,"comment_status":"open","ping_status":"open","sticky":false,"template":"","format":"standard","meta":{"_mi_skip_tracking":false},"categories":[49,37],"tags":[15070,53031,52987,9585],"_links":{"self":[{"href":"https:\/\/visionpeninsular.com\/mid\/wp-json\/wp\/v2\/posts\/211746"}],"collection":[{"href":"https:\/\/visionpeninsular.com\/mid\/wp-json\/wp\/v2\/posts"}],"about":[{"href":"https:\/\/visionpeninsular.com\/mid\/wp-json\/wp\/v2\/types\/post"}],"author":[{"embeddable":true,"href":"https:\/\/visionpeninsular.com\/mid\/wp-json\/wp\/v2\/users\/5"}],"replies":[{"embeddable":true,"href":"https:\/\/visionpeninsular.com\/mid\/wp-json\/wp\/v2\/comments?post=211746"}],"version-history":[{"count":1,"href":"https:\/\/visionpeninsular.com\/mid\/wp-json\/wp\/v2\/posts\/211746\/revisions"}],"predecessor-version":[{"id":211749,"href":"https:\/\/visionpeninsular.com\/mid\/wp-json\/wp\/v2\/posts\/211746\/revisions\/211749"}],"wp:featuredmedia":[{"embeddable":true,"href":"https:\/\/visionpeninsular.com\/mid\/wp-json\/wp\/v2\/media\/211748"}],"wp:attachment":[{"href":"https:\/\/visionpeninsular.com\/mid\/wp-json\/wp\/v2\/media?parent=211746"}],"wp:term":[{"taxonomy":"category","embeddable":true,"href":"https:\/\/visionpeninsular.com\/mid\/wp-json\/wp\/v2\/categories?post=211746"},{"taxonomy":"post_tag","embeddable":true,"href":"https:\/\/visionpeninsular.com\/mid\/wp-json\/wp\/v2\/tags?post=211746"}],"curies":[{"name":"wp","href":"https:\/\/api.w.org\/{rel}","templated":true}]}}