{"id":211724,"date":"2026-03-09T18:19:28","date_gmt":"2026-03-10T00:19:28","guid":{"rendered":"https:\/\/visionpeninsular.com\/mid\/?p=211724"},"modified":"2026-03-09T18:19:31","modified_gmt":"2026-03-10T00:19:31","slug":"cinco-mil-mujeres-en-la-marcha-del-8m-en-merida","status":"publish","type":"post","link":"https:\/\/visionpeninsular.com\/mid\/cinco-mil-mujeres-en-la-marcha-del-8m-en-merida\/","title":{"rendered":"Cinco mil mujeres en la marcha del 8M en M\u00e9rida"},"content":{"rendered":"\n<p>M\u00e9rida, 9 de marzo de 2026.- En el marco del 8 de marzo, D\u00eda Internacional de la Mujer, m\u00e1s de 5 mil mujeres se congregaron en el Parque de La Mejorada, desde donde parti\u00f3 una multitudinaria marcha para exigir justicia, igualdad de g\u00e9nero y la erradicaci\u00f3n y atenci\u00f3n de violencias contra las mujeres.<\/p>\n\n\n\n<p>Las asistentes portaban carteles con denuncias de abusos, acoso, violencia vicaria, discriminaci\u00f3n y feminicidios, adem\u00e1s de consignas de respaldo al movimiento feminista.<\/p>\n\n\n\n<p><strong>Consignas de mujeres<\/strong><\/p>\n\n\n\n<p>Entre cantos y reclamos, los contingentes avanzaron con direcci\u00f3n al Paseo de Montejo, una de las principales avenidas de la ciudad.<\/p>\n\n\n\n<figure class=\"wp-block-image size-full\"><img loading=\"lazy\" width=\"400\" height=\"433\" src=\"https:\/\/visionpeninsular.com\/mid\/wp-content\/uploads\/2026\/03\/pintas.jpg\" alt=\"\" class=\"wp-image-211727\" srcset=\"https:\/\/visionpeninsular.com\/mid\/wp-content\/uploads\/2026\/03\/pintas.jpg 400w, https:\/\/visionpeninsular.com\/mid\/wp-content\/uploads\/2026\/03\/pintas-277x300.jpg 277w\" sizes=\"(max-width: 400px) 100vw, 400px\" \/><\/figure>\n\n\n\n<p>Al llegar al monumento a Justo Sierra O\u2019Reilly, algunos grupos se detuvieron para manifestarse. En el sitio derribaron las vallas de protecci\u00f3n colocadas previamente, realizaron pintas e incluso, encendieron fuego como parte de la protesta.<\/p>\n\n\n\n<p>Durante el recorrido tambi\u00e9n se registraron intervenciones en los monumentos dedicados a Felipe Carrillo Puerto y a Los Montejo, hasta llegar al Monumento a la Patria, donde las vallas instaladas tampoco impidieron que las manifestantes plasmaran mensajes y consignas.<\/p>\n\n\n\n<p>A lo largo de la movilizaci\u00f3n, el Paseo de Montejo se convirti\u00f3 en un espacio de denuncia p\u00fablica.<\/p>\n\n\n\n<p>Muros, monumentos, banquetas y diversos puntos de la avenida fueron utilizados para colocar nombres de presuntos agresores, acompa\u00f1ados de se\u00f1alamientos como \u201cviolador\u201d o \u201cfeminicida\u201d, convirti\u00e9ndose en un mega \u201ctendedero de denuncias\u201d.<\/p>\n\n\n\n<figure class=\"wp-block-image size-full\"><img loading=\"lazy\" width=\"400\" height=\"533\" src=\"https:\/\/visionpeninsular.com\/mid\/wp-content\/uploads\/2026\/03\/ateeo.jpg\" alt=\"\" class=\"wp-image-211729\" srcset=\"https:\/\/visionpeninsular.com\/mid\/wp-content\/uploads\/2026\/03\/ateeo.jpg 400w, https:\/\/visionpeninsular.com\/mid\/wp-content\/uploads\/2026\/03\/ateeo-225x300.jpg 225w\" sizes=\"(max-width: 400px) 100vw, 400px\" \/><\/figure>\n\n\n\n<p><strong>Protecci\u00f3n de edificios y monumentos<\/strong><\/p>\n\n\n\n<p>D\u00edas antes de la movilizaci\u00f3n del 8M, autoridades y comercios de la zona realizaron trabajos de protecci\u00f3n en diversos inmuebles y monumentos del centro hist\u00f3rico.<\/p>\n\n\n\n<figure class=\"wp-block-image size-full\"><img loading=\"lazy\" width=\"400\" height=\"533\" src=\"https:\/\/visionpeninsular.com\/mid\/wp-content\/uploads\/2026\/03\/denuncias.jpg\" alt=\"\" class=\"wp-image-211728\" srcset=\"https:\/\/visionpeninsular.com\/mid\/wp-content\/uploads\/2026\/03\/denuncias.jpg 400w, https:\/\/visionpeninsular.com\/mid\/wp-content\/uploads\/2026\/03\/denuncias-225x300.jpg 225w\" sizes=\"(max-width: 400px) 100vw, 400px\" \/><\/figure>\n\n\n\n<p>Entre los sitios resguardados se encontraba el Ateneo de M\u00e9rida, donde se instalaron vallas met\u00e1licas, as\u00ed como la Catedral de San Ildefonso; mientras que, en Palacio de Gobierno, las ventanas y el acceso principal qued\u00f3 reforzado. Tambi\u00e9n, algunos comercios tomaron medidas.<\/p>\n\n\n\n<p>Por otro lado, algunos restaurantes del \u00e1rea instalaron mesas con agua para brindar apoyo a las manifestantes durante su paso por la avenida.<\/p>\n\n\n\n<p>En las afueras del Palacio Municipal se coloc\u00f3 una lona con un s\u00edmbolo alusivo a la lucha y el respeto por los derechos de las mujeres. Asimismo, se observ\u00f3 la presencia de elementos de la Polic\u00eda Municipal, en su mayor\u00eda mujeres, quienes portaban camisas de color morado.<\/p>\n\n\n\n<p>La movilizaci\u00f3n concluy\u00f3 en el Monumento a la Patria. Durante la jornada no se registr\u00f3 intervenci\u00f3n directa de corporaciones policiales, aunque s\u00ed se mantuvo un operativo de vigilancia y presencia de seguridad en la zona.<\/p>\n<div class='share-to-whatsapp-wrapper'><div class='share-on-whsp'>Share on: <\/div><a data-text='Cinco mil mujeres en la marcha del 8M en M\u00e9rida' data-link='https:\/\/visionpeninsular.com\/mid\/cinco-mil-mujeres-en-la-marcha-del-8m-en-merida\/' class='whatsapp-button whatsapp-share'>WhatsApp<\/a><div class='clear '><\/div><\/div>","protected":false},"excerpt":{"rendered":"<p>M\u00e9rida, 9 de marzo de 2026.- En el marco del 8 de marzo, D\u00eda Internacional de la Mujer, m\u00e1s de 5 mil mujeres se congregaron en el Parque de La Mejorada, desde donde parti\u00f3 una multitudinaria marcha para exigir justicia, igualdad de g\u00e9nero y la erradicaci\u00f3n y atenci\u00f3n de violencias contra las mujeres. Las asistentes &hellip;<\/p>\n","protected":false},"author":5,"featured_media":211726,"comment_status":"open","ping_status":"open","sticky":false,"template":"","format":"standard","meta":{"_mi_skip_tracking":false},"categories":[49,37],"tags":[15070,53013,53015,53014],"_links":{"self":[{"href":"https:\/\/visionpeninsular.com\/mid\/wp-json\/wp\/v2\/posts\/211724"}],"collection":[{"href":"https:\/\/visionpeninsular.com\/mid\/wp-json\/wp\/v2\/posts"}],"about":[{"href":"https:\/\/visionpeninsular.com\/mid\/wp-json\/wp\/v2\/types\/post"}],"author":[{"embeddable":true,"href":"https:\/\/visionpeninsular.com\/mid\/wp-json\/wp\/v2\/users\/5"}],"replies":[{"embeddable":true,"href":"https:\/\/visionpeninsular.com\/mid\/wp-json\/wp\/v2\/comments?post=211724"}],"version-history":[{"count":1,"href":"https:\/\/visionpeninsular.com\/mid\/wp-json\/wp\/v2\/posts\/211724\/revisions"}],"predecessor-version":[{"id":211730,"href":"https:\/\/visionpeninsular.com\/mid\/wp-json\/wp\/v2\/posts\/211724\/revisions\/211730"}],"wp:featuredmedia":[{"embeddable":true,"href":"https:\/\/visionpeninsular.com\/mid\/wp-json\/wp\/v2\/media\/211726"}],"wp:attachment":[{"href":"https:\/\/visionpeninsular.com\/mid\/wp-json\/wp\/v2\/media?parent=211724"}],"wp:term":[{"taxonomy":"category","embeddable":true,"href":"https:\/\/visionpeninsular.com\/mid\/wp-json\/wp\/v2\/categories?post=211724"},{"taxonomy":"post_tag","embeddable":true,"href":"https:\/\/visionpeninsular.com\/mid\/wp-json\/wp\/v2\/tags?post=211724"}],"curies":[{"name":"wp","href":"https:\/\/api.w.org\/{rel}","templated":true}]}}