{"id":211538,"date":"2026-03-03T14:13:08","date_gmt":"2026-03-03T20:13:08","guid":{"rendered":"https:\/\/visionpeninsular.com\/mid\/?p=211538"},"modified":"2026-03-03T14:13:09","modified_gmt":"2026-03-03T20:13:09","slug":"palabra-de-antigona-8-de-marzo-cuando-la-historia-cambio","status":"publish","type":"post","link":"https:\/\/visionpeninsular.com\/mid\/palabra-de-antigona-8-de-marzo-cuando-la-historia-cambio\/","title":{"rendered":"Palabra de Ant\u00edgona| 8 de marzo: cuando la historia cambi\u00f3"},"content":{"rendered":"\n<p>Por: SemM\u00e9xico<\/p>\n\n\n\n<p>Sara Lovera<\/p>\n\n\n\n<p>SemM\u00e9xico, Cd. de M\u00e9xico, 2 de marzo, 2026.- \u00bfFlores, perfumes y poemas en el D\u00eda Internacional de la Mujer? El mundo de la publicidad comercial y muchos&nbsp; medios de comunicaci\u00f3n han convertido esta fecha en objeto de consumo y de culto al mujerismo. \u00bfCu\u00e1l es el verdadero sentido de esta fecha?<\/p>\n\n\n\n<p>El 8 de marzo es un d\u00eda&nbsp; para recordar las gestas m\u00e1s emblem\u00e1ticas protagonizadas a inicios del siglo XX, por una generaci\u00f3n de mujeres que bajo la \u00e9gida de los socialismos, anarquismos, sufragismos y pacifismos, reclamaron derechos sociales y pol\u00edticos en escenarios marcados por guerras y revoluciones.<\/p>\n\n\n\n<p>&nbsp;El derecho a la educaci\u00f3n, a un salario justo, al voto pol\u00edtico, la anticoncepci\u00f3n y a vivir sin guerras, fueron algunas demandas de los primeros movimientos organizados de mujeres en sus distintas vertientes: socialistas, comunistas, sindicalistas, sufragistas y pacifistas en&nbsp; todo el mundo.<\/p>\n\n\n\n<p>&nbsp;En la actualidad, las herederas de la pasi\u00f3n y valent\u00eda de las gestoras del D\u00eda Internacional de la Mujer, (1910 en Copenhague )&nbsp; son todas las mujeres que act\u00faan en la esfera p\u00fablica en defensa de los derechos de sus cong\u00e9neres: movimientos feministas, organizaciones sociales de mujeres,&nbsp; de derechos humanos, parlamentos, partidos pol\u00edticos, medios de comunicaci\u00f3n y en los \u00e1mbitos de la cultura, el arte y la academia.<\/p>\n\n\n\n<p>&nbsp;El D\u00eda Internacional de la Mujer es un d\u00eda de recuerdo y de reconocimiento al legado de coraje, sabidur\u00eda e independencia que nos entregaron nuestras pioneras. Tenemos la responsabilidad de transmitir esta herencia a las nuevas generaciones de mujeres para decirles que los derechos que hoy gozamos, fueron ganados duramente a costa de sacrificios, dolor y ostracismo por esas valientes mujeres que se enfrentaron a la incomprensi\u00f3n, el autoritarismo y la maledicencia de la sociedad de su tiempo.<\/p>\n\n\n\n<p>Cada 8 de Marzo, renovamos nuestro compromiso de mantener vigentes los principios de libertad, justicia y autonom\u00eda del ideario de las madres fundadoras del feminismo. Compromiso que se refuerza en las propuestas y en las acciones de las agendas feministas y de los movimientos sociales de mujeres en su interlocuci\u00f3n con los gobiernos y las instituciones. Sin di\u00e1logo plural, nada es posible.<\/p>\n\n\n\n<p>Hoy la consigna de la ONU 2026&nbsp; es justicia para las mujeres. Sabemos que es inevitable el discurso oficial que se llena la boca de \u201cavances\u201d inexistentes. No vemos como reconstruir una pol\u00edtica que iba por buen camino, frenada&nbsp; hace casi 8 a\u00f1os.<\/p>\n\n\n\n<p>Por eso ser\u00e1 necesario leer a las feministas que este 8 de marzo har\u00e1n&nbsp; marchas, demostraciones y decenas de actos p\u00fablicos. Vamos a escuchar viejas y nuevas consignas, en un momento de nubarrones internacionales, con tambores de guerra&nbsp; y una figura erguida del patriarcado a nivel global&nbsp; y gobiernos y medidas de retroceso. \u00bfSer\u00e1 posible un cambio de tim\u00f3n?<\/p>\n\n\n\n<p>Para&nbsp; quienes piensan que en M\u00e9xico no pasa nada, veremos las demandas por todos los rincones de M\u00e9xico, no obstante tener una mujer en la presidencia, los grandes asuntos no est\u00e1n resueltos. No se resuelven con saliva. Es hora de actuar.<\/p>\n\n\n\n<p>Los nubarrones&nbsp; este 8 de marzo aparecen como&nbsp; amenazantes al discurso pla\u00f1idero que oiremos en los salones de palacio, mientras&nbsp; son&nbsp; grav\u00edsimos los&nbsp; problemas que no desparecen con el discurso: las madres buscadoras sin escucha; las madres y&nbsp; los hu\u00e9rfanos del feminicidio; las desapariciones forzadas y encima la reaparici\u00f3n de una derecha que amenaza con el retroceso.<\/p>\n\n\n\n<p>Necesitamos escucha. Dejar de pensar que los puestos son la soluci\u00f3n.&nbsp; Ir m\u00e1s all\u00e1 de creer que la meta es exclusivamente llegar al poder, donde las mujeres no deciden. Las violencias nos acosas, est\u00e1n en puerta la violencia pol\u00edtica, una reforma electoral que asoma sin considerarnos y una espiral de nuevas violencias.<\/p>\n\n\n\n<p>&nbsp;Efectivamente pendientes est\u00e1n el aborto legal en todo el pa\u00eds; la prevenci\u00f3n de la violencia y el cese del feminicidio. Veremos<\/p>\n\n\n\n<p><strong><em>*Periodista. Editora de G\u00e9nero en la OEM y directora del portal informativo semmexico.mx<\/em><\/strong><\/p>\n<div class='share-to-whatsapp-wrapper'><div class='share-on-whsp'>Share on: <\/div><a data-text='Palabra de Ant\u00edgona| 8 de marzo: cuando la historia cambi\u00f3' data-link='https:\/\/visionpeninsular.com\/mid\/palabra-de-antigona-8-de-marzo-cuando-la-historia-cambio\/' class='whatsapp-button whatsapp-share'>WhatsApp<\/a><div class='clear '><\/div><\/div>","protected":false},"excerpt":{"rendered":"<p>Por: SemM\u00e9xico Sara Lovera SemM\u00e9xico, Cd. de M\u00e9xico, 2 de marzo, 2026.- \u00bfFlores, perfumes y poemas en el D\u00eda Internacional de la Mujer? El mundo de la publicidad comercial y muchos&nbsp; medios de comunicaci\u00f3n han convertido esta fecha en objeto de consumo y de culto al mujerismo. \u00bfCu\u00e1l es el verdadero sentido de esta fecha? &hellip;<\/p>\n","protected":false},"author":5,"featured_media":206472,"comment_status":"open","ping_status":"open","sticky":false,"template":"","format":"standard","meta":{"_mi_skip_tracking":false},"categories":[44],"tags":[15070,52916,52919,52918,52917],"_links":{"self":[{"href":"https:\/\/visionpeninsular.com\/mid\/wp-json\/wp\/v2\/posts\/211538"}],"collection":[{"href":"https:\/\/visionpeninsular.com\/mid\/wp-json\/wp\/v2\/posts"}],"about":[{"href":"https:\/\/visionpeninsular.com\/mid\/wp-json\/wp\/v2\/types\/post"}],"author":[{"embeddable":true,"href":"https:\/\/visionpeninsular.com\/mid\/wp-json\/wp\/v2\/users\/5"}],"replies":[{"embeddable":true,"href":"https:\/\/visionpeninsular.com\/mid\/wp-json\/wp\/v2\/comments?post=211538"}],"version-history":[{"count":1,"href":"https:\/\/visionpeninsular.com\/mid\/wp-json\/wp\/v2\/posts\/211538\/revisions"}],"predecessor-version":[{"id":211540,"href":"https:\/\/visionpeninsular.com\/mid\/wp-json\/wp\/v2\/posts\/211538\/revisions\/211540"}],"wp:featuredmedia":[{"embeddable":true,"href":"https:\/\/visionpeninsular.com\/mid\/wp-json\/wp\/v2\/media\/206472"}],"wp:attachment":[{"href":"https:\/\/visionpeninsular.com\/mid\/wp-json\/wp\/v2\/media?parent=211538"}],"wp:term":[{"taxonomy":"category","embeddable":true,"href":"https:\/\/visionpeninsular.com\/mid\/wp-json\/wp\/v2\/categories?post=211538"},{"taxonomy":"post_tag","embeddable":true,"href":"https:\/\/visionpeninsular.com\/mid\/wp-json\/wp\/v2\/tags?post=211538"}],"curies":[{"name":"wp","href":"https:\/\/api.w.org\/{rel}","templated":true}]}}