{"id":211286,"date":"2026-02-21T13:16:04","date_gmt":"2026-02-21T19:16:04","guid":{"rendered":"https:\/\/visionpeninsular.com\/mid\/?p=211286"},"modified":"2026-02-21T13:16:08","modified_gmt":"2026-02-21T19:16:08","slug":"alianza-entre-merida-y-cuajimalpa-por-la-paz-y-la-cultura","status":"publish","type":"post","link":"https:\/\/visionpeninsular.com\/mid\/alianza-entre-merida-y-cuajimalpa-por-la-paz-y-la-cultura\/","title":{"rendered":"Alianza entre M\u00e9rida y Cuajimalpa por la paz y la cultura"},"content":{"rendered":"\n<p>M\u00e9rida, 21 de febrero de 2026.- En un ambiente de tradici\u00f3n, identidad y orgullo, la presidenta municipal de M\u00e9rida, Cecilia Patr\u00f3n Laviada, firm\u00f3 un convenio de colaboraci\u00f3n con el alcalde de Cuajimalpa de Morelos, Carlos Orva\u00f1anos Rea, con el objetivo de fortalecer la cooperaci\u00f3n institucional y promover acciones conjuntas en favor de la paz social y el desarrollo comunitario.<\/p>\n\n\n\n<p>\u201cM\u00e9rida y Cuajimalpa somos ciudades culturales que buscamos la paz social para nuestra gente, trabajando con buenas pr\u00e1cticas de gobierno. Sumamos esfuerzos para compartir nuestras buenas experiencias, promocionar nuestras ciudades como espacios de disfrute y fortalecer los lazos culturales que nos dan profunda identidad comunitaria\u201d, expres\u00f3 la alcaldesa meridana.<\/p>\n\n\n\n<p>\u201cYo s\u00e9 que si algo anhelamos todos los mexicanos es la paz social. As\u00ed que reforcemos esta identidad comunitaria que nos une como comunidad. Les esperamos con mucho amor para gozar y disfrutar de nuestras tradiciones\u201d, afirm\u00f3.<\/p>\n\n\n\n<figure class=\"wp-block-image size-full\"><img loading=\"lazy\" width=\"500\" height=\"330\" src=\"https:\/\/visionpeninsular.com\/mid\/wp-content\/uploads\/2026\/02\/cuajimerida.jpg\" alt=\"\" class=\"wp-image-211290\" srcset=\"https:\/\/visionpeninsular.com\/mid\/wp-content\/uploads\/2026\/02\/cuajimerida.jpg 500w, https:\/\/visionpeninsular.com\/mid\/wp-content\/uploads\/2026\/02\/cuajimerida-300x198.jpg 300w, https:\/\/visionpeninsular.com\/mid\/wp-content\/uploads\/2026\/02\/cuajimerida-310x205.jpg 310w\" sizes=\"(max-width: 500px) 100vw, 500px\" \/><\/figure>\n\n\n\n<p>Por su parte Carlos Orva\u00f1anos indic\u00f3 que este instrumento establece las bases para la promoci\u00f3n conjunta de atractivos tur\u00edsticos y gastron\u00f3micos; organizaci\u00f3n de ferias, congresos y actividades culturales; vinculaci\u00f3n con c\u00e1maras y asociaciones del sector tur\u00edstico; la implementaci\u00f3n del programa \u201cTuridescuentos\u201d en beneficio de visitantes, entre otros beneficios mutuos.<\/p>\n\n\n\n<p>\u201cEstamos convencidos que para alcanzar las metas solo se logra con voluntad y con trabajo en equipo as\u00ed que venimos a sumarle a Cuajimalpa la experiencia que se vive todos los d\u00edas en M\u00e9rida, trabajando y cuidando a nuestros pueblos originarios<\/p>\n\n\n\n<p>\u201cRescatar los pueblos, barrios originarios, pero sobre todo para rescatar la cultura con acciones coordinadas entre gobiernos locales. Cuajimalpa impulsa el desarrollo econ\u00f3mico, el turismo y la generaci\u00f3n de oportunidades para las familias\u201d, declar\u00f3.<\/p>\n\n\n\n<p>Durante el encuentro, realizado entre muestras gastron\u00f3micas como cochinita yucateca y quesadillas de hongos, y al ritmo de la jarana, ambas autoridades destacaron la importancia de sumar esfuerzos entre ciudades culturales que comparten valores y visi\u00f3n de futuro, al destacar que la cultura es un pilar fundamental para la seguridad y la cohesi\u00f3n social.<\/p>\n\n\n\n<p>Como parte de la agenda, tambi\u00e9n se llev\u00f3 a cabo una visita al Museo Centro Cultural Nacional Pedro Infante, s\u00edmbolo del patrimonio art\u00edstico y cultural del pa\u00eds.<\/p>\n\n\n\n<figure class=\"wp-block-image size-full\"><img loading=\"lazy\" width=\"600\" height=\"400\" src=\"https:\/\/visionpeninsular.com\/mid\/wp-content\/uploads\/2026\/02\/orvananos-patron.jpg\" alt=\"\" class=\"wp-image-211288\" srcset=\"https:\/\/visionpeninsular.com\/mid\/wp-content\/uploads\/2026\/02\/orvananos-patron.jpg 600w, https:\/\/visionpeninsular.com\/mid\/wp-content\/uploads\/2026\/02\/orvananos-patron-300x200.jpg 300w\" sizes=\"(max-width: 600px) 100vw, 600px\" \/><\/figure>\n\n\n\n<p>La alcaldesa subray\u00f3 que, si M\u00e9rida es reconocida como una ciudad segura y en paz, es porque todos los d\u00edas se promueven actividades culturales gratuitas para quienes viven y visitan la capital yucateca, impulsando la participaci\u00f3n ciudadana y el rescate de espacios p\u00fablicos.<\/p>\n\n\n\n<p>Con esta firma de convenio, M\u00e9rida contin\u00faa construyendo alianzas estrat\u00e9gicas que impulsan el desarrollo integral de su gente, fortalecen la identidad cultural y consolidan un modelo de gobierno cercano, participativo y comprometido con la paz social.<\/p>\n<div class='share-to-whatsapp-wrapper'><div class='share-on-whsp'>Share on: <\/div><a data-text='Alianza entre M\u00e9rida y Cuajimalpa por la paz y la cultura' data-link='https:\/\/visionpeninsular.com\/mid\/alianza-entre-merida-y-cuajimalpa-por-la-paz-y-la-cultura\/' class='whatsapp-button whatsapp-share'>WhatsApp<\/a><div class='clear '><\/div><\/div>","protected":false},"excerpt":{"rendered":"<p>M\u00e9rida, 21 de febrero de 2026.- En un ambiente de tradici\u00f3n, identidad y orgullo, la presidenta municipal de M\u00e9rida, Cecilia Patr\u00f3n Laviada, firm\u00f3 un convenio de colaboraci\u00f3n con el alcalde de Cuajimalpa de Morelos, Carlos Orva\u00f1anos Rea, con el objetivo de fortalecer la cooperaci\u00f3n institucional y promover acciones conjuntas en favor de la paz social &hellip;<\/p>\n","protected":false},"author":5,"featured_media":211289,"comment_status":"open","ping_status":"open","sticky":false,"template":"","format":"standard","meta":{"_mi_skip_tracking":false},"categories":[49,37],"tags":[52749,41,5668,52748],"_links":{"self":[{"href":"https:\/\/visionpeninsular.com\/mid\/wp-json\/wp\/v2\/posts\/211286"}],"collection":[{"href":"https:\/\/visionpeninsular.com\/mid\/wp-json\/wp\/v2\/posts"}],"about":[{"href":"https:\/\/visionpeninsular.com\/mid\/wp-json\/wp\/v2\/types\/post"}],"author":[{"embeddable":true,"href":"https:\/\/visionpeninsular.com\/mid\/wp-json\/wp\/v2\/users\/5"}],"replies":[{"embeddable":true,"href":"https:\/\/visionpeninsular.com\/mid\/wp-json\/wp\/v2\/comments?post=211286"}],"version-history":[{"count":1,"href":"https:\/\/visionpeninsular.com\/mid\/wp-json\/wp\/v2\/posts\/211286\/revisions"}],"predecessor-version":[{"id":211291,"href":"https:\/\/visionpeninsular.com\/mid\/wp-json\/wp\/v2\/posts\/211286\/revisions\/211291"}],"wp:featuredmedia":[{"embeddable":true,"href":"https:\/\/visionpeninsular.com\/mid\/wp-json\/wp\/v2\/media\/211289"}],"wp:attachment":[{"href":"https:\/\/visionpeninsular.com\/mid\/wp-json\/wp\/v2\/media?parent=211286"}],"wp:term":[{"taxonomy":"category","embeddable":true,"href":"https:\/\/visionpeninsular.com\/mid\/wp-json\/wp\/v2\/categories?post=211286"},{"taxonomy":"post_tag","embeddable":true,"href":"https:\/\/visionpeninsular.com\/mid\/wp-json\/wp\/v2\/tags?post=211286"}],"curies":[{"name":"wp","href":"https:\/\/api.w.org\/{rel}","templated":true}]}}