{"id":211225,"date":"2026-02-19T12:31:40","date_gmt":"2026-02-19T18:31:40","guid":{"rendered":"https:\/\/visionpeninsular.com\/mid\/?p=211225"},"modified":"2026-02-19T12:31:43","modified_gmt":"2026-02-19T18:31:43","slug":"abren-escenarios-a-musicos-emergentes-con-merida-es-musica","status":"publish","type":"post","link":"https:\/\/visionpeninsular.com\/mid\/abren-escenarios-a-musicos-emergentes-con-merida-es-musica\/","title":{"rendered":"Abren escenarios a m\u00fasicos emergentes con \u201cM\u00e9rida es M\u00fasica\u201d"},"content":{"rendered":"\n<p>M\u00e9rida, 19 de febrero de 2026.- Con 20 conciertos gratuitos y propuestas musicales para toda la familia, el Ayuntamiento de M\u00e9rida pondr\u00e1 en marcha este jueves \u201cM\u00e9rida es M\u00fasica\u201d, una iniciativa que busca abrir escenarios y dar visibilidad al talento local, especialmente a proyectos emergentes.<\/p>\n\n\n\n<p>Durante la presentaci\u00f3n del programa, la directora de Identidad y Cultura, Karla Berr\u00f3n C\u00e1mara, explic\u00f3 que el objetivo es generar espacios de oportunidad para que bandas y solistas nuevos compartan escenarios, muestren su trabajo e inviten al p\u00fablico a conocer sus propuestas.<\/p>\n\n\n\n<figure class=\"wp-block-image size-full\"><img loading=\"lazy\" width=\"600\" height=\"400\" src=\"https:\/\/visionpeninsular.com\/mid\/wp-content\/uploads\/2026\/02\/musca-merida.jpg\" alt=\"\" class=\"wp-image-211228\" srcset=\"https:\/\/visionpeninsular.com\/mid\/wp-content\/uploads\/2026\/02\/musca-merida.jpg 600w, https:\/\/visionpeninsular.com\/mid\/wp-content\/uploads\/2026\/02\/musca-merida-300x200.jpg 300w\" sizes=\"(max-width: 600px) 100vw, 600px\" \/><\/figure>\n\n\n\n<p>Detall\u00f3 que la Direcci\u00f3n respalda el proyecto con gesti\u00f3n de sedes, requerimientos t\u00e9cnicos, difusi\u00f3n y promoci\u00f3n en medios digitales y prensa, adem\u00e1s de material como banners y carteles. Aclar\u00f3 que la iniciativa no contempla taquilla ni apoyos econ\u00f3micos directos para los artistas.<\/p>\n\n\n\n<p>Por su parte, la subdirectora Claudia Chapa Cort\u00e9s se\u00f1al\u00f3 que el programa surgi\u00f3 el a\u00f1o pasado ante el aumento de solicitudes de m\u00fasicos emergentes que buscaban un espacio para darse a conocer, y como respuesta a las indicaciones de la alcaldesa Cecilia Patr\u00f3n Laviada de atender inquietudes de la juventud y de la comunidad art\u00edstica. En esta edici\u00f3n, el Ayuntamiento seleccion\u00f3 20 proyectos de un total de 35 registrados.<\/p>\n\n\n\n<p><strong>Ocho d\u00edas de conciertos<\/strong><\/p>\n\n\n\n<p>Los conciertos, con duraci\u00f3n de una hora cada uno, se realizar\u00e1n durante ocho d\u00edas en horarios nocturnos, con sedes en el Auditorio del Centro Cultural Olimpo, la Concha Ac\u00fastica del Parque de las Am\u00e9ricas y el parque de la colonia Alem\u00e1n.<\/p>\n\n\n\n<p>El cartel incluye g\u00e9neros como balada pop, rock progresivo, fragmentos oper\u00edsticos, electr\u00f3nica suave, dreampop, trova, ritmos latinos y sonoridades contempor\u00e1neas, adem\u00e1s de covers y composiciones originales.<\/p>\n\n\n\n<figure class=\"wp-block-image size-full\"><img loading=\"lazy\" width=\"600\" height=\"400\" src=\"https:\/\/visionpeninsular.com\/mid\/wp-content\/uploads\/2026\/02\/emergentes.jpg\" alt=\"\" class=\"wp-image-211229\" srcset=\"https:\/\/visionpeninsular.com\/mid\/wp-content\/uploads\/2026\/02\/emergentes.jpg 600w, https:\/\/visionpeninsular.com\/mid\/wp-content\/uploads\/2026\/02\/emergentes-300x200.jpg 300w\" sizes=\"(max-width: 600px) 100vw, 600px\" \/><\/figure>\n\n\n\n<p>Las actividades arrancar\u00e1n el jueves 19 en el Olimpo con \u201cRelatos Sonoros: Monserrat Rodr\u00edguez G\u00f3mez\u201d y \u201cLuz Elena y Jos\u00e9 Bustamante\u201d. En esa misma sede, el jueves 26 se presentar\u00e1n \u201cVibraciones Florcl\u00f3ricas\u201d y \u201cMiguel Sol\u00eds: La trova y sus ra\u00edces\u201d.<\/p>\n\n\n\n<p>La Concha Ac\u00fastica del Parque de las Am\u00e9ricas recibir\u00e1 conciertos el viernes 20, s\u00e1bado 21 y domingo 22, mientras que el cierre de la agenda se realizar\u00e1 en el parque de la colonia Alem\u00e1n los d\u00edas 27 y 28 de febrero, y 1 de marzo.<\/p>\n\n\n\n<p>El Ayuntamiento inform\u00f3 que el acceso ser\u00e1 libre en todas las presentaciones.<\/p>\n<div class='share-to-whatsapp-wrapper'><div class='share-on-whsp'>Share on: <\/div><a data-text='Abren escenarios a m\u00fasicos emergentes con \u201cM\u00e9rida es M\u00fasica\u201d' data-link='https:\/\/visionpeninsular.com\/mid\/abren-escenarios-a-musicos-emergentes-con-merida-es-musica\/' class='whatsapp-button whatsapp-share'>WhatsApp<\/a><div class='clear '><\/div><\/div>","protected":false},"excerpt":{"rendered":"<p>M\u00e9rida, 19 de febrero de 2026.- Con 20 conciertos gratuitos y propuestas musicales para toda la familia, el Ayuntamiento de M\u00e9rida pondr\u00e1 en marcha este jueves \u201cM\u00e9rida es M\u00fasica\u201d, una iniciativa que busca abrir escenarios y dar visibilidad al talento local, especialmente a proyectos emergentes. Durante la presentaci\u00f3n del programa, la directora de Identidad y &hellip;<\/p>\n","protected":false},"author":5,"featured_media":211227,"comment_status":"open","ping_status":"open","sticky":false,"template":"","format":"standard","meta":{"_mi_skip_tracking":false},"categories":[49,37],"tags":[41,5668,52717,52718],"_links":{"self":[{"href":"https:\/\/visionpeninsular.com\/mid\/wp-json\/wp\/v2\/posts\/211225"}],"collection":[{"href":"https:\/\/visionpeninsular.com\/mid\/wp-json\/wp\/v2\/posts"}],"about":[{"href":"https:\/\/visionpeninsular.com\/mid\/wp-json\/wp\/v2\/types\/post"}],"author":[{"embeddable":true,"href":"https:\/\/visionpeninsular.com\/mid\/wp-json\/wp\/v2\/users\/5"}],"replies":[{"embeddable":true,"href":"https:\/\/visionpeninsular.com\/mid\/wp-json\/wp\/v2\/comments?post=211225"}],"version-history":[{"count":1,"href":"https:\/\/visionpeninsular.com\/mid\/wp-json\/wp\/v2\/posts\/211225\/revisions"}],"predecessor-version":[{"id":211230,"href":"https:\/\/visionpeninsular.com\/mid\/wp-json\/wp\/v2\/posts\/211225\/revisions\/211230"}],"wp:featuredmedia":[{"embeddable":true,"href":"https:\/\/visionpeninsular.com\/mid\/wp-json\/wp\/v2\/media\/211227"}],"wp:attachment":[{"href":"https:\/\/visionpeninsular.com\/mid\/wp-json\/wp\/v2\/media?parent=211225"}],"wp:term":[{"taxonomy":"category","embeddable":true,"href":"https:\/\/visionpeninsular.com\/mid\/wp-json\/wp\/v2\/categories?post=211225"},{"taxonomy":"post_tag","embeddable":true,"href":"https:\/\/visionpeninsular.com\/mid\/wp-json\/wp\/v2\/tags?post=211225"}],"curies":[{"name":"wp","href":"https:\/\/api.w.org\/{rel}","templated":true}]}}