{"id":21092,"date":"2017-02-08T13:16:37","date_gmt":"2017-02-08T19:16:37","guid":{"rendered":"http:\/\/visionpeninsular.com\/mid\/?p=21092"},"modified":"2017-02-08T13:16:37","modified_gmt":"2017-02-08T19:16:37","slug":"playa-del-carmen-sigue-convulsionando","status":"publish","type":"post","link":"https:\/\/visionpeninsular.com\/mid\/playa-del-carmen-sigue-convulsionando\/","title":{"rendered":"Playa del Carmen sigue convulsionando"},"content":{"rendered":"<p>Luego de la matanza en el Blue Parrot, que se mantiene impune, la violenta confrontaci\u00f3n entre las c\u00e9lulas de grupos antag\u00f3nicos que se pelean la plaza , se mantiene la tensi\u00f3n y la violencia en ese destino tur\u00edstico.<\/p>\n<p>Ayer martes dos sujetos que viajaban a bordo de un veh\u00edculo Nissan tipo Versa, color azul, que estaba estacionado frente a una tienda , fueron rafagueados en la esquina de las avenidas 115 y 11 Norte de Playa del Carmen, muriendo uno ah\u00ed mismo y el otro quedo gravemente herido.<\/p>\n<p>Al parecer la Alcaldesa Cristina Torres G\u00f3mez no logra controlar estos actos violentos, pese al refuerzo de la policia del estado; los uniformados llegaron y acordonaron la zona para recabar pruebas de la agresi\u00f3n, pero sin detener a nadie.<\/p>\n<p>No se pone en duda que la violencia tenga tintes politicos para tratar de desestabilizar a la autoridad municipal.<\/p>\n<div class='share-to-whatsapp-wrapper'><div class='share-on-whsp'>Share on: <\/div><a data-text='Playa del Carmen sigue convulsionando' data-link='https:\/\/visionpeninsular.com\/mid\/playa-del-carmen-sigue-convulsionando\/' class='whatsapp-button whatsapp-share'>WhatsApp<\/a><div class='clear '><\/div><\/div>","protected":false},"excerpt":{"rendered":"<p>Luego de la matanza en el Blue Parrot, que se mantiene impune, la violenta confrontaci\u00f3n entre las c\u00e9lulas de grupos antag\u00f3nicos que se pelean la plaza , se mantiene la tensi\u00f3n y la violencia en ese destino tur\u00edstico. Ayer martes dos sujetos que viajaban a bordo de un veh\u00edculo Nissan tipo Versa, color azul, que &hellip;<\/p>\n","protected":false},"author":1,"featured_media":21093,"comment_status":"open","ping_status":"open","sticky":false,"template":"","format":"standard","meta":{"_mi_skip_tracking":false},"categories":[47],"tags":[5239],"_links":{"self":[{"href":"https:\/\/visionpeninsular.com\/mid\/wp-json\/wp\/v2\/posts\/21092"}],"collection":[{"href":"https:\/\/visionpeninsular.com\/mid\/wp-json\/wp\/v2\/posts"}],"about":[{"href":"https:\/\/visionpeninsular.com\/mid\/wp-json\/wp\/v2\/types\/post"}],"author":[{"embeddable":true,"href":"https:\/\/visionpeninsular.com\/mid\/wp-json\/wp\/v2\/users\/1"}],"replies":[{"embeddable":true,"href":"https:\/\/visionpeninsular.com\/mid\/wp-json\/wp\/v2\/comments?post=21092"}],"version-history":[{"count":1,"href":"https:\/\/visionpeninsular.com\/mid\/wp-json\/wp\/v2\/posts\/21092\/revisions"}],"predecessor-version":[{"id":21094,"href":"https:\/\/visionpeninsular.com\/mid\/wp-json\/wp\/v2\/posts\/21092\/revisions\/21094"}],"wp:featuredmedia":[{"embeddable":true,"href":"https:\/\/visionpeninsular.com\/mid\/wp-json\/wp\/v2\/media\/21093"}],"wp:attachment":[{"href":"https:\/\/visionpeninsular.com\/mid\/wp-json\/wp\/v2\/media?parent=21092"}],"wp:term":[{"taxonomy":"category","embeddable":true,"href":"https:\/\/visionpeninsular.com\/mid\/wp-json\/wp\/v2\/categories?post=21092"},{"taxonomy":"post_tag","embeddable":true,"href":"https:\/\/visionpeninsular.com\/mid\/wp-json\/wp\/v2\/tags?post=21092"}],"curies":[{"name":"wp","href":"https:\/\/api.w.org\/{rel}","templated":true}]}}