{"id":210890,"date":"2026-02-06T18:59:59","date_gmt":"2026-02-07T00:59:59","guid":{"rendered":"https:\/\/visionpeninsular.com\/mid\/?p=210890"},"modified":"2026-02-06T19:00:06","modified_gmt":"2026-02-07T01:00:06","slug":"detienen-en-yucatan-a-joven-buscada-por-delito-cometido-en-edomex","status":"publish","type":"post","link":"https:\/\/visionpeninsular.com\/mid\/detienen-en-yucatan-a-joven-buscada-por-delito-cometido-en-edomex\/","title":{"rendered":"Detienen en Yucat\u00e1n a joven buscada por delito cometido en EDOMEX"},"content":{"rendered":"\n<p>M\u00e9rida, 6 de febrero de 2026.- Agentes de la Secretar\u00eda de Seguridad P\u00fablica, en coordinaci\u00f3n con la Fiscal\u00eda General del Estado de Yucat\u00e1n y en colaboraci\u00f3n con la Fiscal\u00eda General del Estado de M\u00e9xico, con apoyo de fuerzas federales, detuvieron en Yucat\u00e1n a Perla Anay \u201cN\u201d, de 21 a\u00f1os, originaria del Estado de M\u00e9xico.<\/p>\n\n\n\n<p>La mujer era requerida por la autoridad judicial de Nezahualc\u00f3yotl por su presunta responsabilidad en un delito contra la salud, en la modalidad de posesi\u00f3n con fines de comercio de metanfetaminas.<\/p>\n\n\n\n<p>Los hechos se remontan a 2022, cuando autoridades detectaron un intercambio sospechoso y, tras intervenir, aseguraron a la ahora detenida con una sustancia con caracter\u00edsticas del narc\u00f3tico.<\/p>\n<div class='share-to-whatsapp-wrapper'><div class='share-on-whsp'>Share on: <\/div><a data-text='Detienen en Yucat\u00e1n a joven buscada por delito cometido en EDOMEX' data-link='https:\/\/visionpeninsular.com\/mid\/detienen-en-yucatan-a-joven-buscada-por-delito-cometido-en-edomex\/' class='whatsapp-button whatsapp-share'>WhatsApp<\/a><div class='clear '><\/div><\/div>","protected":false},"excerpt":{"rendered":"<p>M\u00e9rida, 6 de febrero de 2026.- Agentes de la Secretar\u00eda de Seguridad P\u00fablica, en coordinaci\u00f3n con la Fiscal\u00eda General del Estado de Yucat\u00e1n y en colaboraci\u00f3n con la Fiscal\u00eda General del Estado de M\u00e9xico, con apoyo de fuerzas federales, detuvieron en Yucat\u00e1n a Perla Anay \u201cN\u201d, de 21 a\u00f1os, originaria del Estado de M\u00e9xico. La &hellip;<\/p>\n","protected":false},"author":5,"featured_media":210892,"comment_status":"open","ping_status":"open","sticky":false,"template":"","format":"standard","meta":{"_mi_skip_tracking":false},"categories":[49,37],"tags":[52519,666,185,3428,752],"_links":{"self":[{"href":"https:\/\/visionpeninsular.com\/mid\/wp-json\/wp\/v2\/posts\/210890"}],"collection":[{"href":"https:\/\/visionpeninsular.com\/mid\/wp-json\/wp\/v2\/posts"}],"about":[{"href":"https:\/\/visionpeninsular.com\/mid\/wp-json\/wp\/v2\/types\/post"}],"author":[{"embeddable":true,"href":"https:\/\/visionpeninsular.com\/mid\/wp-json\/wp\/v2\/users\/5"}],"replies":[{"embeddable":true,"href":"https:\/\/visionpeninsular.com\/mid\/wp-json\/wp\/v2\/comments?post=210890"}],"version-history":[{"count":1,"href":"https:\/\/visionpeninsular.com\/mid\/wp-json\/wp\/v2\/posts\/210890\/revisions"}],"predecessor-version":[{"id":210893,"href":"https:\/\/visionpeninsular.com\/mid\/wp-json\/wp\/v2\/posts\/210890\/revisions\/210893"}],"wp:featuredmedia":[{"embeddable":true,"href":"https:\/\/visionpeninsular.com\/mid\/wp-json\/wp\/v2\/media\/210892"}],"wp:attachment":[{"href":"https:\/\/visionpeninsular.com\/mid\/wp-json\/wp\/v2\/media?parent=210890"}],"wp:term":[{"taxonomy":"category","embeddable":true,"href":"https:\/\/visionpeninsular.com\/mid\/wp-json\/wp\/v2\/categories?post=210890"},{"taxonomy":"post_tag","embeddable":true,"href":"https:\/\/visionpeninsular.com\/mid\/wp-json\/wp\/v2\/tags?post=210890"}],"curies":[{"name":"wp","href":"https:\/\/api.w.org\/{rel}","templated":true}]}}