{"id":210743,"date":"2026-02-02T13:59:51","date_gmt":"2026-02-02T19:59:51","guid":{"rendered":"https:\/\/visionpeninsular.com\/mid\/?p=210743"},"modified":"2026-02-02T13:59:55","modified_gmt":"2026-02-02T19:59:55","slug":"crearan-la-junta-de-coordinacion-metropolitana","status":"publish","type":"post","link":"https:\/\/visionpeninsular.com\/mid\/crearan-la-junta-de-coordinacion-metropolitana\/","title":{"rendered":"Crear\u00e1n la Junta de Coordinaci\u00f3n Metropolitana"},"content":{"rendered":"\n<p>M\u00e9rida, 2 de febrero de 2026.- El Gobierno de Yucat\u00e1n firm\u00f3 un convenio de colaboraci\u00f3n con la Secretar\u00eda de Desarrollo Agrario, Territorial y Urbano (SEDATU) y los ayuntamientos de los 14 municipios que integran la Zona Metropolitana de M\u00e9rida, con el objetivo de atender de forma coordinada los retos del crecimiento y desarrollo urbano de esta regi\u00f3n.<\/p>\n\n\n\n<p>&nbsp;El Gobernador Joaqu\u00edn D\u00edaz Mena encabez\u00f3 el acto protocolario, destacando que este acuerdo representa un paso hist\u00f3rico hacia una planeaci\u00f3n conjunta, ordenada y con visi\u00f3n de largo plazo, que permitir\u00e1 construir un Yucat\u00e1n con justicia social.<\/p>\n\n\n\n<p>Este convenio contempla la instalaci\u00f3n de una Junta de Coordinaci\u00f3n Metropolitana, un Consejo Consultivo, y la elaboraci\u00f3n de un Programa de Ordenamiento Territorial que facilitar\u00e1 el acceso a inversiones, asistencia t\u00e9cnica y programas federales, enfocados en mejorar la movilidad intermunicipal, garantizar servicios equitativos y proteger el medio ambiente.<\/p>\n\n\n\n<p>Coordinaci\u00f3n metropolitana efectiva<\/p>\n\n\n\n<p>&nbsp;\u201cNo vamos a firmar un papel para guardarlo en un caj\u00f3n. Estamos firmando un compromiso vivo, que se sienta en las colonias, fraccionamientos, municipios y comisar\u00edas. La visi\u00f3n del Renacimiento Maya que hemos puesto en marcha es una ruta para que el progreso llegue a todos los rincones de nuestro estado, no solo a unos cuantos\u201d, afirm\u00f3 D\u00edaz Mena.<\/p>\n\n\n\n<p>La colaboraci\u00f3n incluye a los ayuntamientos de M\u00e9rida, Kanas\u00edn, Conkal, Um\u00e1n, Acanceh, Chicxulub Pueblo, Ixil, Hunucm\u00e1, Samahil, Timucuy, Tixkokob, Tixp\u00e9hual, Uc\u00fa y Progreso, municipios que concentran a m\u00e1s de la mitad de la poblaci\u00f3n del estado y donde se reflejan tanto oportunidades como desigualdades.<\/p>\n\n\n\n<p>Desde el Sal\u00f3n de la Historia del Palacio de Gobierno, D\u00edaz Mena resalt\u00f3 la importancia de dejar de lado diferencias partidistas y construir confianza entre gobiernos y ciudadan\u00eda, fomentando una gobernanza aut\u00e9ntica donde la participaci\u00f3n social sea eje central de las decisiones.<\/p>\n\n\n\n<p>Asimismo, subray\u00f3 que este convenio da continuidad a un proyecto iniciado en 2019 y que no pudo concretarse en la administraci\u00f3n anterior. Con esta firma, Yucat\u00e1n deja de estar entre los seis estados del pa\u00eds que a\u00fan no hab\u00edan instalado su Junta de Coordinaci\u00f3n Metropolitana.<\/p>\n<div class='share-to-whatsapp-wrapper'><div class='share-on-whsp'>Share on: <\/div><a data-text='Crear\u00e1n la Junta de Coordinaci\u00f3n Metropolitana' data-link='https:\/\/visionpeninsular.com\/mid\/crearan-la-junta-de-coordinacion-metropolitana\/' class='whatsapp-button whatsapp-share'>WhatsApp<\/a><div class='clear '><\/div><\/div>","protected":false},"excerpt":{"rendered":"<p>M\u00e9rida, 2 de febrero de 2026.- El Gobierno de Yucat\u00e1n firm\u00f3 un convenio de colaboraci\u00f3n con la Secretar\u00eda de Desarrollo Agrario, Territorial y Urbano (SEDATU) y los ayuntamientos de los 14 municipios que integran la Zona Metropolitana de M\u00e9rida, con el objetivo de atender de forma coordinada los retos del crecimiento y desarrollo urbano de &hellip;<\/p>\n","protected":false},"author":5,"featured_media":210745,"comment_status":"open","ping_status":"open","sticky":false,"template":"","format":"standard","meta":{"_mi_skip_tracking":false},"categories":[49,37],"tags":[41,5668,185,52434],"_links":{"self":[{"href":"https:\/\/visionpeninsular.com\/mid\/wp-json\/wp\/v2\/posts\/210743"}],"collection":[{"href":"https:\/\/visionpeninsular.com\/mid\/wp-json\/wp\/v2\/posts"}],"about":[{"href":"https:\/\/visionpeninsular.com\/mid\/wp-json\/wp\/v2\/types\/post"}],"author":[{"embeddable":true,"href":"https:\/\/visionpeninsular.com\/mid\/wp-json\/wp\/v2\/users\/5"}],"replies":[{"embeddable":true,"href":"https:\/\/visionpeninsular.com\/mid\/wp-json\/wp\/v2\/comments?post=210743"}],"version-history":[{"count":1,"href":"https:\/\/visionpeninsular.com\/mid\/wp-json\/wp\/v2\/posts\/210743\/revisions"}],"predecessor-version":[{"id":210746,"href":"https:\/\/visionpeninsular.com\/mid\/wp-json\/wp\/v2\/posts\/210743\/revisions\/210746"}],"wp:featuredmedia":[{"embeddable":true,"href":"https:\/\/visionpeninsular.com\/mid\/wp-json\/wp\/v2\/media\/210745"}],"wp:attachment":[{"href":"https:\/\/visionpeninsular.com\/mid\/wp-json\/wp\/v2\/media?parent=210743"}],"wp:term":[{"taxonomy":"category","embeddable":true,"href":"https:\/\/visionpeninsular.com\/mid\/wp-json\/wp\/v2\/categories?post=210743"},{"taxonomy":"post_tag","embeddable":true,"href":"https:\/\/visionpeninsular.com\/mid\/wp-json\/wp\/v2\/tags?post=210743"}],"curies":[{"name":"wp","href":"https:\/\/api.w.org\/{rel}","templated":true}]}}