{"id":210567,"date":"2026-01-26T15:21:22","date_gmt":"2026-01-26T21:21:22","guid":{"rendered":"https:\/\/visionpeninsular.com\/mid\/?p=210567"},"modified":"2026-01-26T15:21:24","modified_gmt":"2026-01-26T21:21:24","slug":"ine-documenta-496-agresores-de-mujeres-politicas-pero-la-mitad-no-recibio-castigo","status":"publish","type":"post","link":"https:\/\/visionpeninsular.com\/mid\/ine-documenta-496-agresores-de-mujeres-politicas-pero-la-mitad-no-recibio-castigo\/","title":{"rendered":"INE documenta 496 agresores de mujeres pol\u00edticas, pero la mitad no recibi\u00f3 castigo"},"content":{"rendered":"\n<p>Por: SemM\u00e9xico<\/p>\n\n\n\n<ul><li><strong><em>Pese a que las faltas fueron acreditadas, 48 por ciento (216) de las personas inscritas no recibi\u00f3 ninguna sanci\u00f3n<\/em><\/strong><\/li><\/ul>\n\n\n\n<p>Aurora Garc\u00eda<\/p>\n\n\n\n<p>SemM\u00e9xico\/El Sol de M\u00e9xico, Ciudad de M\u00e9xico, 23 de enero, 2026.- El Registro de Personas Sancionadas en Materia de Violencia Pol\u00edtica contra las Mujeres en Raz\u00f3n de G\u00e9nero acumula 496 registros desde su creaci\u00f3n hasta el cierre de 2025, sin embargo solo en la mitad de los casos hubo una sanci\u00f3n.<\/p>\n\n\n\n<p>El Registro Nacional se constituy\u00f3, en septiembre de 2020, como una lista de consulta p\u00fablica que ten\u00eda la finalidad de visibilizar la cotidianeidad de la violencia pol\u00edtica en raz\u00f3n de g\u00e9nero y hacer conciencia entre la ciudadan\u00eda. Todas las personas, independientemente de si ostentan o no un cargo de poder, pueden terminar inscritas en \u00e9l.<\/p>\n\n\n\n<p>De acuerdo con datos del Instituto Nacional Electoral (INE), entre las v\u00edctimas est\u00e1n 186 regidoras, 131 candidatas, 58 s\u00edndicas, 52 presidentas municipales, 28 diputadas locales, cuatro diputadas federales y cuatro gobernadoras, entre otras.<\/p>\n\n\n\n<p><strong>Violencia psicol\u00f3gica y simb\u00f3lica predominan<\/strong><\/p>\n\n\n\n<p>Los tipos de violencia m\u00e1s recurrentes fueron la psicol\u00f3gica y la simb\u00f3lica, por lo que la mayor\u00eda de las v\u00edctimas describi\u00f3 haber sido minimizada, segregada, ignorada, invisibilizada, denigrada o cosificada en publicaciones de redes sociales.<\/p>\n\n\n\n<p>Tambi\u00e9n hay m\u00faltiples casos de violencia econ\u00f3mica, en donde las v\u00edctimas fueron privadas de sus salarios o destituidas de sus cargos, bajo el argumento de que por ser mujeres no eran capaces de realizar su trabajo.<\/p>\n\n\n\n<p>Hay otros casos de mujeres a las que agredieron f\u00edsica y verbalmente, que recibieron amenazas en sus oficinas o casas y que fueron sujetas a presiones, tocamientos e insultos con tal de que abandonaran sus responsabilidades.<\/p>\n\n\n\n<p>Existen casos de mujeres que fueron agredidas f\u00edsica y verbalmente, amenazadas en sus oficinas o casas y sometidas a presiones, tocamientos e insultos para que abandonaran sus responsabilidades.<\/p>\n\n\n\n<p>\u201cEl denunciado junto con otras personas ingresaron a la oficina de la v\u00edctima. De manera violenta la sometieron para que renunciara a su cargo. Y tras lanzar una serie de insultos, la amenazaron con \u00e1nforas de gasolina y le advirtieron que podr\u00eda ser agredida sexualmente\u201d, se lee en uno de los casos.<\/p>\n\n\n\n<p><strong>Bajas sanciones y reincidencia en el registro<\/strong><\/p>\n\n\n\n<p>Pese a que las faltas fueron acreditadas, 48 por ciento (216) de las personas inscritas no recibi\u00f3 ninguna sanci\u00f3n, s\u00f3lo 32 por ciento se hizo acreedor a una multa y 18 por ciento a una amonestaci\u00f3n.<\/p>\n\n\n\n<p>En este registro es posible ubicar como responsables de la violencia a presidentes municipales, regidores, periodistas, s\u00edndicos, directores de medios de comunicaci\u00f3n, funcionarios de partido, candidatos, servidores p\u00fablicos, influencers y ciudadanos de a pie; no obstante, los pol\u00edticos encabezan el grupo de personas sancionadas.<\/p>\n\n\n\n<p>En el \u00e1mbito nacional existen 11 registros y de manera local Oaxaca concentra las infracciones por violencia pol\u00edtica de g\u00e9nero con 147. Le siguen Veracruz, con 58; Chiapas, con 39; Tabasco, con 32 y Campeche, con 31.<\/p>\n\n\n\n<p>Este Registro Nacional es p\u00fablico y se actualiza constantemente, pero no es vinculante; eso significa que aunque las personas agresoras est\u00e1n inscritas no est\u00e1n obligadas por ley a renunciar a su candidatura o no resultan impedidas para ocupar de nueva cuenta un cargo p\u00fablico ni son sometidas a ninguna clase de procedimiento que los orille a dejar su encargo.<\/p>\n\n\n\n<p>En entrevista con El Sol de M\u00e9xico, Aidee Rodr\u00edguez Serrano, quien pertenece a la Unidad T\u00e9cnica de lo Contencioso Electoral, encargada de elaborar el conteo, advierte que \u201csi bien el registro inici\u00f3 como una medida de reparaci\u00f3n integral y en su origen ten\u00eda el cometido de visibilizar la violencia, hoy en d\u00eda se queda corto\u201d, porque idealmente deber\u00eda inhibir las faltas.<\/p>\n\n\n\n<p>La l\u00edder del Proyecto de An\u00e1lisis de Riesgo Psicol\u00f3gico reconoce que existe una demanda p\u00fablica para que el registro signifique algo m\u00e1s que un tache en la carrera de los agresores; no obstante, el INE no puede legislar en esta materia y corresponde a las y los diputados otorgarle cierta validez al registro.<\/p>\n\n\n\n<p>Rodr\u00edguez Serrano aboga a favor del registro, pues aunque no es vinculante, es la \u00fanica herramienta que en la actualidad permite monitorear qui\u00e9nes ejercen violencia pol\u00edtica de g\u00e9nero. \u201cAdem\u00e1s de que ayuda a la ciudadan\u00eda a comprobar que esta violencia est\u00e1 muy normalizada. Hay acciones que parecen sutiles, pero que en realidad son violencia\u201d, dice.<\/p>\n\n\n\n<p>Aunque se juzgan con agravantes las faltas cometidas por pol\u00edticos, el hecho de que una persona llegue al registro no significa que fue sancionada, sino que simplemente la autoridad competente acredit\u00f3 la violencia. Seg\u00fan el tipo de violencia se determinan los a\u00f1os que una persona debe permanecer inscrita en el Registro Nacional de Personas Sancionadas por Violencia Pol\u00edtica de G\u00e9nero.<\/p>\n\n\n\n<p>Si la falta es leve, el agresor permanece tres a\u00f1os; si es ordinaria, cuatro; si es especial, cinco y si es reincidente, seis. Esta medida tampoco ha logrado detener a los agresores, pues entre el total de registros 13 por ciento es reincidente.<\/p>\n\n\n\n<p>El pasado 12 enero, el INE entreg\u00f3 su propuesta de reforma electoral. En el documento propone que ninguna persona violentadora llegue al poder, y en consecuencia pide legislar para que se suspendan los derechos pol\u00edtico-electorales o las prerrogativas de las personas sentenciadas por violencia pol\u00edtica de g\u00e9nero, en tanto se encuentren inscritas en el Registro Nacional.<\/p>\n\n\n\n<p>SEM-El Sol de M\u00e9xico\/ag<\/p>\n<div class='share-to-whatsapp-wrapper'><div class='share-on-whsp'>Share on: <\/div><a data-text='INE documenta 496 agresores de mujeres pol\u00edticas, pero la mitad no recibi\u00f3 castigo' data-link='https:\/\/visionpeninsular.com\/mid\/ine-documenta-496-agresores-de-mujeres-politicas-pero-la-mitad-no-recibio-castigo\/' class='whatsapp-button whatsapp-share'>WhatsApp<\/a><div class='clear '><\/div><\/div>","protected":false},"excerpt":{"rendered":"<p>Por: SemM\u00e9xico Pese a que las faltas fueron acreditadas, 48 por ciento (216) de las personas inscritas no recibi\u00f3 ninguna sanci\u00f3n Aurora Garc\u00eda SemM\u00e9xico\/El Sol de M\u00e9xico, Ciudad de M\u00e9xico, 23 de enero, 2026.- El Registro de Personas Sancionadas en Materia de Violencia Pol\u00edtica contra las Mujeres en Raz\u00f3n de G\u00e9nero acumula 496 registros desde &hellip;<\/p>\n","protected":false},"author":5,"featured_media":210569,"comment_status":"open","ping_status":"open","sticky":false,"template":"","format":"standard","meta":{"_mi_skip_tracking":false},"categories":[19567],"tags":[52311,52312,4112],"_links":{"self":[{"href":"https:\/\/visionpeninsular.com\/mid\/wp-json\/wp\/v2\/posts\/210567"}],"collection":[{"href":"https:\/\/visionpeninsular.com\/mid\/wp-json\/wp\/v2\/posts"}],"about":[{"href":"https:\/\/visionpeninsular.com\/mid\/wp-json\/wp\/v2\/types\/post"}],"author":[{"embeddable":true,"href":"https:\/\/visionpeninsular.com\/mid\/wp-json\/wp\/v2\/users\/5"}],"replies":[{"embeddable":true,"href":"https:\/\/visionpeninsular.com\/mid\/wp-json\/wp\/v2\/comments?post=210567"}],"version-history":[{"count":1,"href":"https:\/\/visionpeninsular.com\/mid\/wp-json\/wp\/v2\/posts\/210567\/revisions"}],"predecessor-version":[{"id":210570,"href":"https:\/\/visionpeninsular.com\/mid\/wp-json\/wp\/v2\/posts\/210567\/revisions\/210570"}],"wp:featuredmedia":[{"embeddable":true,"href":"https:\/\/visionpeninsular.com\/mid\/wp-json\/wp\/v2\/media\/210569"}],"wp:attachment":[{"href":"https:\/\/visionpeninsular.com\/mid\/wp-json\/wp\/v2\/media?parent=210567"}],"wp:term":[{"taxonomy":"category","embeddable":true,"href":"https:\/\/visionpeninsular.com\/mid\/wp-json\/wp\/v2\/categories?post=210567"},{"taxonomy":"post_tag","embeddable":true,"href":"https:\/\/visionpeninsular.com\/mid\/wp-json\/wp\/v2\/tags?post=210567"}],"curies":[{"name":"wp","href":"https:\/\/api.w.org\/{rel}","templated":true}]}}