{"id":210066,"date":"2026-01-08T17:30:49","date_gmt":"2026-01-08T23:30:49","guid":{"rendered":"https:\/\/visionpeninsular.com\/mid\/?p=210066"},"modified":"2026-01-08T17:30:53","modified_gmt":"2026-01-08T23:30:53","slug":"taxi-de-motul-contra-va-y-ven-reportan-10-lesionados","status":"publish","type":"post","link":"https:\/\/visionpeninsular.com\/mid\/taxi-de-motul-contra-va-y-ven-reportan-10-lesionados\/","title":{"rendered":"Taxi de Motul contra Va y Ven; reportan 10 lesionados"},"content":{"rendered":"\n<p>M\u00e9rida, 8 de enero, 2026.- Un fuerte accidente de tr\u00e1nsito se registr\u00f3 esta ma\u00f1ana en la Colonia Jardines de M\u00e9rida, luego de que una camioneta de transporte p\u00fablico se impactara violentamente contra la parte trasera de un autob\u00fas del sistema Va y Ven que al parecer se encontraba subiendo pasaje.<\/p>\n\n\n\n<p>Los hechos ocurrieron sobre la Avenida Yucat\u00e1n, entre las calles 60 y 17 Diagonal, donde el cami\u00f3n estaba detenido en el paradero oficial cuando fue embestido por una camioneta Toyota habilitada como taxi colectivo de la ruta Motul.<\/p>\n\n\n\n<p>A consecuencia del fuerte impacto, 10 pasajeros resultaron con diversos golpes.<\/p>\n\n\n\n<p>Param\u00e9dicos de la Secretar\u00eda de Seguridad P\u00fablica (SSP) acudieron de inmediato al sitio para brindar atenci\u00f3n a los lesionados.<\/p>\n\n\n\n<p>Elementos de la SSP tambi\u00e9n tomaron conocimiento del percance, realizaron labores de acordonamiento y dieron inicio a las diligencias correspondientes para el deslinde de responsabilidades.<\/p>\n<div class='share-to-whatsapp-wrapper'><div class='share-on-whsp'>Share on: <\/div><a data-text='Taxi de Motul contra Va y Ven; reportan 10 lesionados' data-link='https:\/\/visionpeninsular.com\/mid\/taxi-de-motul-contra-va-y-ven-reportan-10-lesionados\/' class='whatsapp-button whatsapp-share'>WhatsApp<\/a><div class='clear '><\/div><\/div>","protected":false},"excerpt":{"rendered":"<p>M\u00e9rida, 8 de enero, 2026.- Un fuerte accidente de tr\u00e1nsito se registr\u00f3 esta ma\u00f1ana en la Colonia Jardines de M\u00e9rida, luego de que una camioneta de transporte p\u00fablico se impactara violentamente contra la parte trasera de un autob\u00fas del sistema Va y Ven que al parecer se encontraba subiendo pasaje. Los hechos ocurrieron sobre la &hellip;<\/p>\n","protected":false},"author":5,"featured_media":209868,"comment_status":"open","ping_status":"open","sticky":false,"template":"","format":"standard","meta":{"_mi_skip_tracking":false},"categories":[50,37],"tags":[51992,51991,752,29369],"_links":{"self":[{"href":"https:\/\/visionpeninsular.com\/mid\/wp-json\/wp\/v2\/posts\/210066"}],"collection":[{"href":"https:\/\/visionpeninsular.com\/mid\/wp-json\/wp\/v2\/posts"}],"about":[{"href":"https:\/\/visionpeninsular.com\/mid\/wp-json\/wp\/v2\/types\/post"}],"author":[{"embeddable":true,"href":"https:\/\/visionpeninsular.com\/mid\/wp-json\/wp\/v2\/users\/5"}],"replies":[{"embeddable":true,"href":"https:\/\/visionpeninsular.com\/mid\/wp-json\/wp\/v2\/comments?post=210066"}],"version-history":[{"count":1,"href":"https:\/\/visionpeninsular.com\/mid\/wp-json\/wp\/v2\/posts\/210066\/revisions"}],"predecessor-version":[{"id":210068,"href":"https:\/\/visionpeninsular.com\/mid\/wp-json\/wp\/v2\/posts\/210066\/revisions\/210068"}],"wp:featuredmedia":[{"embeddable":true,"href":"https:\/\/visionpeninsular.com\/mid\/wp-json\/wp\/v2\/media\/209868"}],"wp:attachment":[{"href":"https:\/\/visionpeninsular.com\/mid\/wp-json\/wp\/v2\/media?parent=210066"}],"wp:term":[{"taxonomy":"category","embeddable":true,"href":"https:\/\/visionpeninsular.com\/mid\/wp-json\/wp\/v2\/categories?post=210066"},{"taxonomy":"post_tag","embeddable":true,"href":"https:\/\/visionpeninsular.com\/mid\/wp-json\/wp\/v2\/tags?post=210066"}],"curies":[{"name":"wp","href":"https:\/\/api.w.org\/{rel}","templated":true}]}}